{"id":77221,"date":"2019-04-04T14:35:16","date_gmt":"2019-04-04T12:35:16","guid":{"rendered":"https:\/\/zjarr.tv\/?p=77221"},"modified":"2019-04-04T14:35:16","modified_gmt":"2019-04-04T12:35:16","slug":"vrasja-te-liqeni-lihet-ne-burg-autori","status":"publish","type":"post","link":"https:\/\/zjarr.tv\/sq\/vrasja-te-liqeni-lihet-ne-burg-autori\/","title":{"rendered":"Vrasja te Liqeni, lihet n\u00eb burg autori"},"content":{"rendered":"<p>Gjykata e Tiran\u00ebs la n\u00eb burg t\u00eb akuzuarin p\u00ebr vrasjen e shtetasit Haxhi Ba\u00e7inovski ndodhur tek liqeni Artificial n\u00eb Tiran\u00eb m\u00eb 16 mars.<\/p>\n<p>Pas vendimit p\u00ebr t\u00eb l\u00ebn\u00eb n\u00eb qeli pa afat Islam Mylkajn, togat e zeza t\u00eb Apelit vendos\u00ebn mas\u00ebn &#8220;arrest sht\u00ebpie&#8221; p\u00ebr t\u00eb pandehurin tjet\u00ebr Myftar Pasha, i akuzuar p\u00ebr moskall\u00ebzim krimi.<\/p>\n<p>62-vje\u00e7ari, Haxhi Ba\u00e7inovski, u ekzekutua me arm\u00eb zjarri mbr\u00ebmjen e 16 marsit\u00a0n\u00eb zon\u00ebn e Liqenit Artificial n\u00eb Tiran\u00eb teksa vraponte me djalin n\u00eb k\u00ebt\u00eb zon\u00eb.<\/p>\n<p>Shkak p\u00ebr krimin mendohet se ka qen\u00eb nj\u00eb konflikt p\u00ebr nj\u00eb borxh prej 46 mij\u00eb eurosh.<\/p>\n<p>Ba\u00e7inovski njihej si i p\u00ebrndjekur politik pas dy d\u00ebnimesh gjat\u00eb regjimit komunist.<\/p>\n<p>&nbsp;<\/p>\n","protected":false},"excerpt":{"rendered":"<p>Gjykata e Tiran\u00ebs la n\u00eb burg t\u00eb akuzuarin p\u00ebr vrasjen e shtetasit Haxhi Ba\u00e7inovski ndodhur tek liqeni Artificial n\u00eb Tiran\u00eb m\u00eb 16 mars. Pas vendimit p\u00ebr t\u00eb l\u00ebn\u00eb n\u00eb qeli pa afat Islam Mylkajn, togat e zeza t\u00eb Apelit vendos\u00ebn mas\u00ebn &#8220;arrest sht\u00ebpie&#8221; p\u00ebr t\u00eb pandehurin tjet\u00ebr Myftar Pasha, i akuzuar p\u00ebr moskall\u00ebzim krimi. 62-vje\u00e7ari, [&hellip;]<\/p>\n","protected":false},"author":2013,"featured_media":55116,"comment_status":"open","ping_status":"closed","sticky":false,"template":"","format":"standard","meta":{"footnotes":""},"categories":[241,235],"tags":[],"class_list":{"0":"post-77221","1":"post","2":"type-post","3":"status-publish","4":"format-standard","5":"has-post-thumbnail","7":"category-aktualitet","8":"category-vendi"},"_links":{"self":[{"href":"https:\/\/zjarr.tv\/sq\/wp-json\/wp\/v2\/posts\/77221","targetHints":{"allow":["GET"]}}],"collection":[{"href":"https:\/\/zjarr.tv\/sq\/wp-json\/wp\/v2\/posts"}],"about":[{"href":"https:\/\/zjarr.tv\/sq\/wp-json\/wp\/v2\/types\/post"}],"author":[{"embeddable":true,"href":"https:\/\/zjarr.tv\/sq\/wp-json\/wp\/v2\/users\/2013"}],"replies":[{"embeddable":true,"href":"https:\/\/zjarr.tv\/sq\/wp-json\/wp\/v2\/comments?post=77221"}],"version-history":[{"count":0,"href":"https:\/\/zjarr.tv\/sq\/wp-json\/wp\/v2\/posts\/77221\/revisions"}],"wp:featuredmedia":[{"embeddable":true,"href":"https:\/\/zjarr.tv\/sq\/wp-json\/wp\/v2\/media\/55116"}],"wp:attachment":[{"href":"https:\/\/zjarr.tv\/sq\/wp-json\/wp\/v2\/media?parent=77221"}],"wp:term":[{"taxonomy":"category","embeddable":true,"href":"https:\/\/zjarr.tv\/sq\/wp-json\/wp\/v2\/categories?post=77221"},{"taxonomy":"post_tag","embeddable":true,"href":"https:\/\/zjarr.tv\/sq\/wp-json\/wp\/v2\/tags?post=77221"}],"curies":[{"name":"wp","href":"https:\/\/api.w.org\/{rel}","templated":true}]}}