{"id":77223,"date":"2019-04-04T14:37:32","date_gmt":"2019-04-04T12:37:32","guid":{"rendered":"https:\/\/zjarr.tv\/?p=77223"},"modified":"2019-04-04T14:37:32","modified_gmt":"2019-04-04T12:37:32","slug":"6-protestues-mbeten-ne-burg-balliu-keto-jane-gjykata-te-ertv-se-minj-te-rilindjes","status":"publish","type":"post","link":"https:\/\/zjarr.tv\/sq\/6-protestues-mbeten-ne-burg-balliu-keto-jane-gjykata-te-ertv-se-minj-te-rilindjes\/","title":{"rendered":"6 protestues mbeten n\u00eb burg, Balliu: K\u00ebto jan\u00eb gjykata t\u00eb ERTV-s\u00eb, minj t\u00eb Rilindjes"},"content":{"rendered":"<p>Gjykata e Apelit ka l\u00ebn\u00eb n\u00eb burg 7 nga protestuesit e arrestuar n\u00eb protestat e opozit\u00ebs. Mes personave p\u00ebr t\u00eb cil\u00ebt Apeli refuzoi ndryshimin e mas\u00ebs s\u00eb siguris\u00eb &#8220;arrest me burg&#8221; t\u00eb shkall\u00ebs s\u00eb par\u00eb \u00ebsht\u00eb edhe Florenc Hoxha dhe Dorian Protoduari.<\/p>\n<p>Jasht\u00eb gjykat\u00ebs, deputeti demokrat Klevis Balliu tha se k\u00ebto jan\u00eb gjykata politike dhe se protestuesit po mbahen n\u00eb burg pa asnj\u00eb prov\u00eb kund\u00ebr tyre.<\/p>\n<p><em>Balliu:\u00a0Kemi dy muaj q\u00eb shohim vet\u00ebm protestues t\u00eb arrestuar q\u00eb mbahen n\u00eb arrest me burg sepse shikohen si t\u00eb rreziksh\u00ebm. Ata nuk jan\u00eb t\u00eb rreziksh\u00ebm ndaj shoq\u00ebris\u00eb por pushtetit ilegjitim t\u00eb Edi Ram\u00ebs. Kemi par\u00eb n\u00eb gjyqe t\u00eb ndryshme sesi njer\u00ebz t\u00eb p\u00ebrfshir\u00eb n\u00eb vrasje jan\u00eb hetuar n\u00eb gjendje t\u00eb lir\u00eb apo arrest sht\u00ebpie. Nd\u00ebrsa protestuesit i arrestojn\u00eb dhe gjykatat vendosin arrest me burg p\u00ebr k\u00ebta qytetar\u00eb p\u00ebr t\u00eb cil\u00ebt nuk ka asnj\u00eb prov\u00eb. K\u00ebto jan\u00eb gjykatat e ERTV dhe gjykatat e Rilindjes.\u00a0<\/em><\/p>\n<p><em>Nuk ka mbetur gj\u00eb tjet\u00ebr vet\u00ebm t\u00eb vij\u00eb Edi Rama k\u00ebtu dhe ti jap\u00eb vete vendimet.K\u00ebto gjykata jan\u00eb kthyer n\u00eb gjykata qesharake, politike.Ky njeri \u00ebsht\u00eb n\u00eb dit\u00ebt e tij t\u00eb fundit dhe gjith\u00eb k\u00ebta luan\u00eb protestash q\u00eb po p\u00ebrballen me k\u00ebt\u00eb qeveri ilegjitime do t\u00eb tajtohen si\u00e7 duhet trajtuar luani n\u00eb nj\u00eb qeveri q\u00eb do t\u00eb vij\u00eb nga votat e lira dhe minjt\u00eb e haleve t\u00eb rilindjes do t\u00eb trajtohen si\u00e7 duhen trajtuar minjt\u00eb e halet.<\/em><\/p>\n<p><strong>Arrest me burg<\/strong><\/p>\n<p>Mariglen Do\u00e7i<\/p>\n<p>Dorian Protoduari<\/p>\n<p>Ilir Hamedani<\/p>\n<p>Ferit Dankshi<\/p>\n<p>Saimir Rexhepi<\/p>\n<p>Florenc Hoxha<\/p>\n<p>Agim Peposhi<\/p>\n<p><strong>Arrest sht\u00ebpie<\/strong><\/p>\n<p>Pal Daija<\/p>\n<p>Gazmir Bekshiu<\/p>\n<p>Aldi Spaho<\/p>\n<p>Ermir Bruka<\/p>\n<p>Emiljano Mustafa<\/p>\n<p><strong>Ankimim nga prokuroria q\u00eb jan\u00eb refuzuar nga gjykata<\/strong><\/p>\n<p>Klajdi Poci<\/p>\n<p>Denaldo Buzi<\/p>\n<p>Eduart Buzi<\/p>\n<p>Florjan Zeneli<\/p>\n<p>Jeton Spahiu<\/p>\n<p>Ali Bruci<\/p>\n<p>Kenin Kastrati<\/p>\n<p>Flamur Rraja<\/p>\n<p>Edison Tahiri<\/p>\n<p>Elidian Buzi<\/p>\n<p>&nbsp;<\/p>\n","protected":false},"excerpt":{"rendered":"<p>Gjykata e Apelit ka l\u00ebn\u00eb n\u00eb burg 7 nga protestuesit e arrestuar n\u00eb protestat e opozit\u00ebs. Mes personave p\u00ebr t\u00eb cil\u00ebt Apeli refuzoi ndryshimin e mas\u00ebs s\u00eb siguris\u00eb &#8220;arrest me burg&#8221; t\u00eb shkall\u00ebs s\u00eb par\u00eb \u00ebsht\u00eb edhe Florenc Hoxha dhe Dorian Protoduari. Jasht\u00eb gjykat\u00ebs, deputeti demokrat Klevis Balliu tha se k\u00ebto jan\u00eb gjykata politike dhe [&hellip;]<\/p>\n","protected":false},"author":2013,"featured_media":52891,"comment_status":"open","ping_status":"closed","sticky":false,"template":"","format":"standard","meta":{"footnotes":""},"categories":[241,235],"tags":[],"class_list":{"0":"post-77223","1":"post","2":"type-post","3":"status-publish","4":"format-standard","5":"has-post-thumbnail","7":"category-aktualitet","8":"category-vendi"},"_links":{"self":[{"href":"https:\/\/zjarr.tv\/sq\/wp-json\/wp\/v2\/posts\/77223","targetHints":{"allow":["GET"]}}],"collection":[{"href":"https:\/\/zjarr.tv\/sq\/wp-json\/wp\/v2\/posts"}],"about":[{"href":"https:\/\/zjarr.tv\/sq\/wp-json\/wp\/v2\/types\/post"}],"author":[{"embeddable":true,"href":"https:\/\/zjarr.tv\/sq\/wp-json\/wp\/v2\/users\/2013"}],"replies":[{"embeddable":true,"href":"https:\/\/zjarr.tv\/sq\/wp-json\/wp\/v2\/comments?post=77223"}],"version-history":[{"count":0,"href":"https:\/\/zjarr.tv\/sq\/wp-json\/wp\/v2\/posts\/77223\/revisions"}],"wp:featuredmedia":[{"embeddable":true,"href":"https:\/\/zjarr.tv\/sq\/wp-json\/wp\/v2\/media\/52891"}],"wp:attachment":[{"href":"https:\/\/zjarr.tv\/sq\/wp-json\/wp\/v2\/media?parent=77223"}],"wp:term":[{"taxonomy":"category","embeddable":true,"href":"https:\/\/zjarr.tv\/sq\/wp-json\/wp\/v2\/categories?post=77223"},{"taxonomy":"post_tag","embeddable":true,"href":"https:\/\/zjarr.tv\/sq\/wp-json\/wp\/v2\/tags?post=77223"}],"curies":[{"name":"wp","href":"https:\/\/api.w.org\/{rel}","templated":true}]}}