{"id":77236,"date":"2019-04-04T14:58:15","date_gmt":"2019-04-04T12:58:15","guid":{"rendered":"https:\/\/zjarr.tv\/?p=77236"},"modified":"2019-04-04T14:58:15","modified_gmt":"2019-04-04T12:58:15","slug":"rudina-hajdari-pd-ka-28-vjet-qe-ben-politike-me-rucin","status":"publish","type":"post","link":"https:\/\/zjarr.tv\/sq\/rudina-hajdari-pd-ka-28-vjet-qe-ben-politike-me-rucin\/","title":{"rendered":"Rudina Hajdari: PD ka 28 vjet q\u00eb b\u00ebn politik\u00eb me Ru\u00e7in"},"content":{"rendered":"<p>Pas reagimeve kund\u00ebr veprimit t\u00eb b\u00ebr\u00eb nj\u00eb dit\u00eb m\u00eb par\u00eb n\u00eb Kuvend, Rudina Hajdari ka nj\u00eb p\u00ebrgjigje p\u00ebr demokrat\u00ebt. Ajo k\u00ebrkoi dje 1 minut\u00eb heshtje p\u00ebr t\u00eb nderuar viktimat e Masakr\u00ebs s\u00eb 2 Prillit n\u00eb Shkod\u00ebr, k\u00ebrkes\u00eb kjo q\u00eb u pranua nga kryeparlamentari Gramoz Ru\u00e7i, e b\u00ebri q\u00eb t\u00eb majt\u00eb e t\u00eb djthat\u00eb t\u00eb ngrihen n\u00eb k\u00ebmb\u00eb. Menj\u00ebher\u00eb pas k\u00ebsaj reagoi ashp\u00ebr demokratja Izmira Ulqinaku, e cila thot\u00eb se Rudina ftoi t\u00eb nderojn\u00eb 2 Prillin, vras\u00ebsit e d\u00ebshmor\u00ebve.<\/p>\n<p>Por sot p\u00ebrmes nj\u00eb statusi n\u00eb Facebook deputetja e Partis\u00eb Demokratike, Rudina Hajdari thot\u00eb se k\u00ebrkesa e saj nuk \u00ebsht\u00eb fyerje por akt dinjitoz. Ajo iu kujton demokrat\u00ebve se ata b\u00ebjn\u00eb politik\u00eb prej 28 vitesh me Gramoz Ru\u00e7in.<\/p>\n<p><strong>STATUSI I PLOT\u00cb<\/strong><br \/>\nT\u00eb k\u00ebrkosh nderim zyrtar me heshtje n\u00eb Kuvend p\u00ebr Martir\u00ebt e Demokracis\u00eb nuk \u00ebsht\u00eb fyerje por akt dinjitoz p\u00ebr ata q\u00eb besojn\u00eb n\u00eb vlerat demokratike.<br \/>\nAta q\u00eb b\u00ebjn\u00eb sikur e duan shum\u00eb t\u00eb djatht\u00ebn duhet t\u00eb ken\u00eb parasysh se me Gramoz Ru\u00e7in dhe partin\u00eb e tij kan\u00eb 28 vjet q\u00eb b\u00ebjn\u00eb politik\u00eb.<br \/>\nMos t\u00eb harrojn\u00eb historin\u00eb se Z. Islami q\u00eb ishte Kryetar i Kuvendit Komunist e kan\u00eb b\u00ebr\u00eb pjes\u00eb t\u00eb grupit parlamentar nd\u00ebrsa me LEfter Xhuvelin kan\u00eb mbajtur koalicion.<br \/>\nDrejt\u00ebsi duhet t\u00eb b\u00ebhet p\u00ebr Martir\u00ebt e Demokracis\u00eb ashtu si\u00e7 edhe p\u00ebr dhjetra raste t\u00eb r\u00ebnda n\u00eb Shqip\u00ebri t\u00eb cilat kan\u00eb mbetur si gjurma n\u00eb akull si shkak i politik\u00ebs 28 vje\u00e7are..!<\/p>\n<p>&nbsp;<\/p>\n","protected":false},"excerpt":{"rendered":"<p>Pas reagimeve kund\u00ebr veprimit t\u00eb b\u00ebr\u00eb nj\u00eb dit\u00eb m\u00eb par\u00eb n\u00eb Kuvend, Rudina Hajdari ka nj\u00eb p\u00ebrgjigje p\u00ebr demokrat\u00ebt. Ajo k\u00ebrkoi dje 1 minut\u00eb heshtje p\u00ebr t\u00eb nderuar viktimat e Masakr\u00ebs s\u00eb 2 Prillit n\u00eb Shkod\u00ebr, k\u00ebrkes\u00eb kjo q\u00eb u pranua nga kryeparlamentari Gramoz Ru\u00e7i, e b\u00ebri q\u00eb t\u00eb majt\u00eb e t\u00eb djthat\u00eb t\u00eb ngrihen [&hellip;]<\/p>\n","protected":false},"author":2013,"featured_media":54116,"comment_status":"open","ping_status":"closed","sticky":false,"template":"","format":"standard","meta":{"footnotes":""},"categories":[241,235],"tags":[],"class_list":{"0":"post-77236","1":"post","2":"type-post","3":"status-publish","4":"format-standard","5":"has-post-thumbnail","7":"category-aktualitet","8":"category-vendi"},"_links":{"self":[{"href":"https:\/\/zjarr.tv\/sq\/wp-json\/wp\/v2\/posts\/77236","targetHints":{"allow":["GET"]}}],"collection":[{"href":"https:\/\/zjarr.tv\/sq\/wp-json\/wp\/v2\/posts"}],"about":[{"href":"https:\/\/zjarr.tv\/sq\/wp-json\/wp\/v2\/types\/post"}],"author":[{"embeddable":true,"href":"https:\/\/zjarr.tv\/sq\/wp-json\/wp\/v2\/users\/2013"}],"replies":[{"embeddable":true,"href":"https:\/\/zjarr.tv\/sq\/wp-json\/wp\/v2\/comments?post=77236"}],"version-history":[{"count":0,"href":"https:\/\/zjarr.tv\/sq\/wp-json\/wp\/v2\/posts\/77236\/revisions"}],"wp:featuredmedia":[{"embeddable":true,"href":"https:\/\/zjarr.tv\/sq\/wp-json\/wp\/v2\/media\/54116"}],"wp:attachment":[{"href":"https:\/\/zjarr.tv\/sq\/wp-json\/wp\/v2\/media?parent=77236"}],"wp:term":[{"taxonomy":"category","embeddable":true,"href":"https:\/\/zjarr.tv\/sq\/wp-json\/wp\/v2\/categories?post=77236"},{"taxonomy":"post_tag","embeddable":true,"href":"https:\/\/zjarr.tv\/sq\/wp-json\/wp\/v2\/tags?post=77236"}],"curies":[{"name":"wp","href":"https:\/\/api.w.org\/{rel}","templated":true}]}}