{"id":77258,"date":"2019-04-04T15:30:33","date_gmt":"2019-04-04T13:30:33","guid":{"rendered":"https:\/\/zjarr.tv\/?p=77258"},"modified":"2019-04-04T15:30:33","modified_gmt":"2019-04-04T13:30:33","slug":"video-berisha-denoncon-ja-si-fredi-alizoti-komandon-rames-nga-burgu","status":"publish","type":"post","link":"https:\/\/zjarr.tv\/sq\/video-berisha-denoncon-ja-si-fredi-alizoti-komandon-rames-nga-burgu\/","title":{"rendered":"Video\/ Berisha denoncon: Ja si Fredi Alizoti komandon Ram\u00ebs nga burgu"},"content":{"rendered":"<p><strong>Denoncim me video, i ish-kryeministrit Sali Berisha, n\u00eb rrjetet sociale:<\/strong><\/p>\n<p>Fred Alizoti nga burgu komandon Ram\u00ebn. Ai em\u00ebron nga Z\u00ebvend\u00ebs, n\u00eb\u00a0narkodrejtor t\u00eb\u00a0Policis\u00eb\u00a0s\u00eb\u00a0Fierit, narkos-in Andon Marko!<\/p>\n<p>Alizoti, d\u00ebshmitari i rrem\u00eb\u00a0dhe i paguar i narkoshtetit, q\u00eb\u00a0mori p\u00ebrsip\u00ebr kundrejt parave dhe nj\u00eb\u00a0viti burg, t\u00eb g\u00ebnjej\u00eb\u00a0dhe t\u00eb\u00a0thot\u00eb\u00a0se ne bised\u00ebn me Albert Veliun \u00ebsht\u00eb\u00a0z\u00ebri i tij dhe jo i Geron Xhaf\u00ebs, mban peng nga burgu Edvinin, i cili, i bazuar n\u00eb\u00a0d\u00ebshmin\u00eb\u00a0e rreme q\u00eb\u00a0do t\u00eb\u00a0b\u00ebnte Fredi kundrejt pages\u00ebs, vet\u00ebm 24 or\u00eb\u00a0pas publikimit t\u00eb\u00a0bised\u00ebs,\u00a0do t\u00eb betohej se z\u00ebri tjet\u00ebr n\u00eb\u00a0bised\u00ebn e Albert Veliut me Geron Xhaf\u00ebn, nuk ishte i k\u00ebtij t\u00eb\u00a0fundit, por i dikujt tjet\u00ebr.<\/p>\n<p>Tani q\u00eb\u00a0gjith\u00e7ka \u00ebsht\u00eb\u00a0faktuar se ky ishte nj\u00eb\u00a0kurth i organizuar nga Edvini me narkoqeveritar\u00ebt, narkodeputet\u00ebt, narkodrejtor\u00ebt e Policis\u00eb, narko prokuror\u00ebt e tij, del e qart\u00eb\u00a0si drita e diellit se Edvini \u00ebsht\u00eb\u00a0peng i trafikantit Alizoti, ndaj dhe ai lart\u00ebsoi n\u00eb\u00a0post narkodrejtori, Andon Markon, q\u00eb\u00a0p\u00ebr veprimtarin\u00eb\u00a0e tij kriminale duhet t\u00eb\u00a0d\u00ebnohej s\u00eb\u00a0paku 15 vjet burg.<\/p>\n<p>K\u00ebtu n\u00eb\u00a0audio keni bisedat e narkodrejtorit t\u00eb\u00a0em\u00ebruar t\u00eb\u00a0Fierit, Andon Marko me trafikantin Fredi Alizoti p\u00ebr bashk\u00ebpunimin e tyre t\u00eb\u00a0f\u00eblliqur n\u00eb\u00a0ndihm\u00eb\u00a0t\u00eb\u00a0trafikantit Xhafaj.<\/p>\n<p>https:\/\/www.facebook.com\/watch\/?v=267408067538552<\/p>\n<p>&nbsp;<\/p>\n<p>&nbsp;<\/p>\n<p>&nbsp;<\/p>\n<p>&nbsp;<\/p>\n","protected":false},"excerpt":{"rendered":"<p>Denoncim me video, i ish-kryeministrit Sali Berisha, n\u00eb rrjetet sociale: Fred Alizoti nga burgu komandon Ram\u00ebn. Ai em\u00ebron nga Z\u00ebvend\u00ebs, n\u00eb\u00a0narkodrejtor t\u00eb\u00a0Policis\u00eb\u00a0s\u00eb\u00a0Fierit, narkos-in Andon Marko! Alizoti, d\u00ebshmitari i rrem\u00eb\u00a0dhe i paguar i narkoshtetit, q\u00eb\u00a0mori p\u00ebrsip\u00ebr kundrejt parave dhe nj\u00eb\u00a0viti burg, t\u00eb g\u00ebnjej\u00eb\u00a0dhe t\u00eb\u00a0thot\u00eb\u00a0se ne bised\u00ebn me Albert Veliun \u00ebsht\u00eb\u00a0z\u00ebri i tij dhe jo i Geron [&hellip;]<\/p>\n","protected":false},"author":2013,"featured_media":70000,"comment_status":"open","ping_status":"closed","sticky":false,"template":"","format":"standard","meta":{"footnotes":""},"categories":[241,235],"tags":[],"class_list":{"0":"post-77258","1":"post","2":"type-post","3":"status-publish","4":"format-standard","5":"has-post-thumbnail","7":"category-aktualitet","8":"category-vendi"},"_links":{"self":[{"href":"https:\/\/zjarr.tv\/sq\/wp-json\/wp\/v2\/posts\/77258","targetHints":{"allow":["GET"]}}],"collection":[{"href":"https:\/\/zjarr.tv\/sq\/wp-json\/wp\/v2\/posts"}],"about":[{"href":"https:\/\/zjarr.tv\/sq\/wp-json\/wp\/v2\/types\/post"}],"author":[{"embeddable":true,"href":"https:\/\/zjarr.tv\/sq\/wp-json\/wp\/v2\/users\/2013"}],"replies":[{"embeddable":true,"href":"https:\/\/zjarr.tv\/sq\/wp-json\/wp\/v2\/comments?post=77258"}],"version-history":[{"count":0,"href":"https:\/\/zjarr.tv\/sq\/wp-json\/wp\/v2\/posts\/77258\/revisions"}],"wp:featuredmedia":[{"embeddable":true,"href":"https:\/\/zjarr.tv\/sq\/wp-json\/wp\/v2\/media\/70000"}],"wp:attachment":[{"href":"https:\/\/zjarr.tv\/sq\/wp-json\/wp\/v2\/media?parent=77258"}],"wp:term":[{"taxonomy":"category","embeddable":true,"href":"https:\/\/zjarr.tv\/sq\/wp-json\/wp\/v2\/categories?post=77258"},{"taxonomy":"post_tag","embeddable":true,"href":"https:\/\/zjarr.tv\/sq\/wp-json\/wp\/v2\/tags?post=77258"}],"curies":[{"name":"wp","href":"https:\/\/api.w.org\/{rel}","templated":true}]}}