{"id":77595,"date":"2019-04-06T16:00:29","date_gmt":"2019-04-06T14:00:29","guid":{"rendered":"https:\/\/zjarr.tv\/?p=77595"},"modified":"2019-04-06T16:00:29","modified_gmt":"2019-04-06T14:00:29","slug":"paloka-pyetje-rames-edhe-sa-e-shtysh-me-forca-speciale","status":"publish","type":"post","link":"https:\/\/zjarr.tv\/sq\/paloka-pyetje-rames-edhe-sa-e-shtysh-me-forca-speciale\/","title":{"rendered":"Paloka pyetje Ram\u00ebs: Edhe sa e shtysh me forca speciale?!"},"content":{"rendered":"<p>N\u00ebnkryetari i Partis\u00eb Demokratike, n\u00ebp\u00ebrmjet nj\u00eb postimi n\u00eb faqen e tij n\u00eb ka reaguar pas pritjes me protesta n\u00eb Kuk\u00ebs t\u00eb kryeministrit Edi Rama. Paloka e paralajm\u00ebron Ram\u00ebn se nuk mund t\u00eb q\u00ebndroj\u00eb dot gjat\u00eb n\u00eb at\u00eb karrige me forca speciale dhe antiplumb, kur populli t\u00eb urren.<\/p>\n<p><strong>Postimi i plot\u00eb i Edi Palok\u00ebs<\/strong><\/p>\n<p><em>Nuk mund t\u00eb q\u00ebndrosh m\u00eb kryeminist\u00ebr i nj\u00eb populli q\u00eb t\u00eb urren dhe e urren. Dje ne Kuk\u00ebs, edhe pse solle mij\u00ebra forca, p\u00ebrfshi forcat speciale, u ngjeshe dhe me antiplumb dhe prap\u00eb nuk guxove t\u00eb ballafaqoheshe me qytetar\u00ebt por mblodhe me detyrim administrat\u00ebn e deri nx\u00ebn\u00ebsit e shkollave me \u00e7anta n\u00eb krah, p\u00ebr t\u00eb zbrazur urrejtjen t\u00ebnde p\u00ebr shqiptar\u00ebt.<\/em><\/p>\n<p><em>Nuk t\u00eb duan m\u00eb, jo kuksianet por shumica e shqiptareve. Kjo nj\u00eb njeri normal do ta b\u00ebnte te reflektonte por nj\u00eb si ty e t\u00ebrbon.<\/em><\/p>\n<p><em>Ndaj do vazhdosh edhe pak te zbrazesh urrejtjen dhe arroganc\u00ebn tende ndaj qytetareve, sic ke bere ne gjith\u00eb Shqip\u00ebrin\u00eb e dje ne Kuk\u00ebs.<\/em><\/p>\n<p><em>Por nj\u00eb gj\u00eb \u00ebsht\u00eb e sigurte, njer\u00ebzit kane nevoje p\u00ebr nj\u00eb qeverisje dhe nj\u00eb kryeminist\u00ebr normal, prandaj po t\u00eb p\u00ebrz\u00ebn\u00eb kudo qe shkon me bisht nder shale.<\/em><\/p>\n<p><em>Jan\u00eb qytetaret e v\u00ebrtete e normal te k\u00ebtij vendi. Asnjeri prej tyre nuk \u00ebsht\u00eb i droguar. I vetmi i droguar dje ne Kuk\u00ebs ishe ti Edvin\u2026<\/em><\/p>\n","protected":false},"excerpt":{"rendered":"<p>N\u00ebnkryetari i Partis\u00eb Demokratike, n\u00ebp\u00ebrmjet nj\u00eb postimi n\u00eb faqen e tij n\u00eb ka reaguar pas pritjes me protesta n\u00eb Kuk\u00ebs t\u00eb kryeministrit Edi Rama. Paloka e paralajm\u00ebron Ram\u00ebn se nuk mund t\u00eb q\u00ebndroj\u00eb dot gjat\u00eb n\u00eb at\u00eb karrige me forca speciale dhe antiplumb, kur populli t\u00eb urren. Postimi i plot\u00eb i Edi Palok\u00ebs Nuk mund [&hellip;]<\/p>\n","protected":false},"author":2013,"featured_media":50732,"comment_status":"open","ping_status":"closed","sticky":false,"template":"","format":"standard","meta":{"footnotes":""},"categories":[241,235],"tags":[],"class_list":{"0":"post-77595","1":"post","2":"type-post","3":"status-publish","4":"format-standard","5":"has-post-thumbnail","7":"category-aktualitet","8":"category-vendi"},"_links":{"self":[{"href":"https:\/\/zjarr.tv\/sq\/wp-json\/wp\/v2\/posts\/77595","targetHints":{"allow":["GET"]}}],"collection":[{"href":"https:\/\/zjarr.tv\/sq\/wp-json\/wp\/v2\/posts"}],"about":[{"href":"https:\/\/zjarr.tv\/sq\/wp-json\/wp\/v2\/types\/post"}],"author":[{"embeddable":true,"href":"https:\/\/zjarr.tv\/sq\/wp-json\/wp\/v2\/users\/2013"}],"replies":[{"embeddable":true,"href":"https:\/\/zjarr.tv\/sq\/wp-json\/wp\/v2\/comments?post=77595"}],"version-history":[{"count":0,"href":"https:\/\/zjarr.tv\/sq\/wp-json\/wp\/v2\/posts\/77595\/revisions"}],"wp:featuredmedia":[{"embeddable":true,"href":"https:\/\/zjarr.tv\/sq\/wp-json\/wp\/v2\/media\/50732"}],"wp:attachment":[{"href":"https:\/\/zjarr.tv\/sq\/wp-json\/wp\/v2\/media?parent=77595"}],"wp:term":[{"taxonomy":"category","embeddable":true,"href":"https:\/\/zjarr.tv\/sq\/wp-json\/wp\/v2\/categories?post=77595"},{"taxonomy":"post_tag","embeddable":true,"href":"https:\/\/zjarr.tv\/sq\/wp-json\/wp\/v2\/tags?post=77595"}],"curies":[{"name":"wp","href":"https:\/\/api.w.org\/{rel}","templated":true}]}}