{"id":77616,"date":"2019-04-06T19:10:15","date_gmt":"2019-04-06T17:10:15","guid":{"rendered":"https:\/\/zjarr.tv\/?p=77616"},"modified":"2019-04-06T16:57:05","modified_gmt":"2019-04-06T14:57:05","slug":"milani-gjen-trajnerin-e-ri","status":"publish","type":"post","link":"https:\/\/zjarr.tv\/sq\/milani-gjen-trajnerin-e-ri\/","title":{"rendered":"Milani gjen trajnerin e ri"},"content":{"rendered":"<p>Mungesa e rezultateve n\u00eb jav\u00ebt e fundit duket se ka tensionuar situat\u00ebn te Milani.<\/p>\n<p>Nj\u00eb gj\u00eb e till\u00eb konfirmohet nga &#8220;Gazzeta dello Sport&#8221;, e cila shkruan se mes drejtorit sportiv, Leonardo dhe trajnerit t\u00eb kuqezinjve, Gennaro Gattuso ka pasur nj\u00eb p\u00ebrplasje verbale. P\u00ebr k\u00ebt\u00eb, media t\u00eb ndryshme kan\u00eb aluduar se ish-mesfushori i Milanit po kalon dit\u00ebt e fundit n\u00eb krye t\u00eb pankin\u00ebs s\u00eb milanez\u00ebve.<\/p>\n<p>Italiani mund t\u00eb shkarkohet n\u00eb fund t\u00eb sezonit n\u00ebse nuk arrihet objektivi Champions. Disa nga emrat e p\u00ebrfolur p\u00ebr t\u00eb marr\u00eb drejtimin e skuadr\u00ebs jan\u00eb Antonio Conte, Maurizio Sarri si dhe Arsene Wenger.<\/p>\n<p>Emery u em\u00ebrua n\u00eb krye t\u00eb \u201ctop\u00e7injve\u201d pik\u00ebrisht nga drejtori ekzekutiv i tanish\u00ebm i kuqezinjve, asokohe pjes\u00eb e Arsenalit dhe marr\u00ebdh\u00ebnie mes tyre duket se ka mbetur e mir\u00eb. Gatusso rinovoi n\u00eb prill t\u00eb 2018 kontrat\u00ebn me milanez\u00ebt deri n\u00eb qershor t\u00eb 2021, por nuk do ishte \u00e7udi shkarkimi i tij.<\/p>\n<p>&nbsp;<\/p>\n","protected":false},"excerpt":{"rendered":"<p>Mungesa e rezultateve n\u00eb jav\u00ebt e fundit duket se ka tensionuar situat\u00ebn te Milani. Nj\u00eb gj\u00eb e till\u00eb konfirmohet nga &#8220;Gazzeta dello Sport&#8221;, e cila shkruan se mes drejtorit sportiv, Leonardo dhe trajnerit t\u00eb kuqezinjve, Gennaro Gattuso ka pasur nj\u00eb p\u00ebrplasje verbale. P\u00ebr k\u00ebt\u00eb, media t\u00eb ndryshme kan\u00eb aluduar se ish-mesfushori i Milanit po kalon [&hellip;]<\/p>\n","protected":false},"author":2013,"featured_media":77617,"comment_status":"open","ping_status":"closed","sticky":false,"template":"","format":"standard","meta":{"footnotes":""},"categories":[241,192],"tags":[],"class_list":{"0":"post-77616","1":"post","2":"type-post","3":"status-publish","4":"format-standard","5":"has-post-thumbnail","7":"category-aktualitet","8":"category-sport"},"_links":{"self":[{"href":"https:\/\/zjarr.tv\/sq\/wp-json\/wp\/v2\/posts\/77616","targetHints":{"allow":["GET"]}}],"collection":[{"href":"https:\/\/zjarr.tv\/sq\/wp-json\/wp\/v2\/posts"}],"about":[{"href":"https:\/\/zjarr.tv\/sq\/wp-json\/wp\/v2\/types\/post"}],"author":[{"embeddable":true,"href":"https:\/\/zjarr.tv\/sq\/wp-json\/wp\/v2\/users\/2013"}],"replies":[{"embeddable":true,"href":"https:\/\/zjarr.tv\/sq\/wp-json\/wp\/v2\/comments?post=77616"}],"version-history":[{"count":0,"href":"https:\/\/zjarr.tv\/sq\/wp-json\/wp\/v2\/posts\/77616\/revisions"}],"wp:featuredmedia":[{"embeddable":true,"href":"https:\/\/zjarr.tv\/sq\/wp-json\/wp\/v2\/media\/77617"}],"wp:attachment":[{"href":"https:\/\/zjarr.tv\/sq\/wp-json\/wp\/v2\/media?parent=77616"}],"wp:term":[{"taxonomy":"category","embeddable":true,"href":"https:\/\/zjarr.tv\/sq\/wp-json\/wp\/v2\/categories?post=77616"},{"taxonomy":"post_tag","embeddable":true,"href":"https:\/\/zjarr.tv\/sq\/wp-json\/wp\/v2\/tags?post=77616"}],"curies":[{"name":"wp","href":"https:\/\/api.w.org\/{rel}","templated":true}]}}