{"id":77621,"date":"2019-04-06T19:30:24","date_gmt":"2019-04-06T17:30:24","guid":{"rendered":"https:\/\/zjarr.tv\/?p=77621"},"modified":"2019-04-06T17:00:04","modified_gmt":"2019-04-06T15:00:04","slug":"tifozet-i-dergojne-leter-icardit","status":"publish","type":"post","link":"https:\/\/zjarr.tv\/sq\/tifozet-i-dergojne-leter-icardit\/","title":{"rendered":"Tifoz\u00ebt i d\u00ebrgojn\u00eb let\u00ebr Icardit"},"content":{"rendered":"<p>Tifoz\u00ebt e Interit jan\u00eb n\u00eb \u201cluft\u00eb\u201d me Mauro Icardin. Argjentinasi u rikthye me gol n\u00eb mesjav\u00eb kund\u00ebr Genoas n\u00eb Marassi, por u f\u00ebrsh\u00ebllye kur u z\u00ebvend\u00ebsua n\u00eb minut\u00ebn e 80 t\u00eb ndeshjes.<\/p>\n<p>\u201cCurva Nord\u201d grupimi ultras i zikalt\u00ebrve ka dh\u00ebn\u00eb nj\u00eb deklarat\u00eb tjet\u00ebr ku shprehin hapur mosmiratimin e tyre p\u00ebr q\u00ebndrimin e Mauros sezonin e ardhsh\u00ebm.<\/p>\n<p>\u201c<em>N\u00eb prag t\u00eb ndeshjes s\u00eb nes\u00ebrme kund\u00ebr Atalant\u00ebs, ne nuk ndryshojm\u00eb mendim p\u00ebr Mauro Icardin. Nuk jemi k\u00ebtu p\u00ebr t\u00eb seleksionuar ose p\u00ebr t\u00eb ndryshuar opinionin e t\u00eb tjer\u00ebve\u2019\u2019, thuhej n\u00eb deklarat\u00eb.<\/em><\/p>\n<p>M\u00eb tej tifoz\u00ebt shpreh\u00ebn se nuk e shohin m\u00eb Icardin si pjes\u00eb e s\u00eb ardhmes pavar\u00ebsisht se drejtuesit po p\u00ebrpiqen t\u00eb gjejn\u00eb zgjidhjen m\u00eb t\u00eb mir\u00eb p\u00ebr t\u00eb dyja pal\u00ebt.<\/p>\n<p><em>\u201cIcardi nuk mund t\u00eb jet\u00eb m\u00eb pjes\u00eb e Interit.Nj\u00eb njeri q\u00eb nuk pranon t\u00eb zbres\u00eb n\u00eb fush\u00eb p\u00ebr arsye qesharake, nuk e meriton fanell\u00ebn ton\u00eb.Drejtuesit mund t\u00eb b\u00ebjn\u00eb \u00e7far\u00eb t\u00eb duan, q\u00ebndrimi yn\u00eb \u00ebsht\u00eb i qart\u00eb.Icardi i ka b\u00ebr\u00eb varrin vetes\u201d.<\/em><\/p>\n<p>\u201c<em>Ne shkojm\u00eb n\u00eb San Siro p\u00ebr t\u00eb mb\u00ebshtetur Interin dhe jo Icardin\u201d,<\/em>p\u00ebrfundon letra e tifoz\u00ebve.<\/p>\n<p>Interi do t\u00eb luaj\u00eb ndeshjen e ardhshme t\u00eb diel\u00ebn n\u00eb or\u00ebn 18:00 kund\u00ebr Atalant\u00ebs e vlefshme p\u00ebr jav\u00ebn e 31 t\u00eb Seria A.<\/p>\n<p>&nbsp;<\/p>\n","protected":false},"excerpt":{"rendered":"<p>Tifoz\u00ebt e Interit jan\u00eb n\u00eb \u201cluft\u00eb\u201d me Mauro Icardin. Argjentinasi u rikthye me gol n\u00eb mesjav\u00eb kund\u00ebr Genoas n\u00eb Marassi, por u f\u00ebrsh\u00ebllye kur u z\u00ebvend\u00ebsua n\u00eb minut\u00ebn e 80 t\u00eb ndeshjes. \u201cCurva Nord\u201d grupimi ultras i zikalt\u00ebrve ka dh\u00ebn\u00eb nj\u00eb deklarat\u00eb tjet\u00ebr ku shprehin hapur mosmiratimin e tyre p\u00ebr q\u00ebndrimin e Mauros sezonin e [&hellip;]<\/p>\n","protected":false},"author":2013,"featured_media":42316,"comment_status":"open","ping_status":"closed","sticky":false,"template":"","format":"standard","meta":{"footnotes":""},"categories":[241,192],"tags":[],"class_list":{"0":"post-77621","1":"post","2":"type-post","3":"status-publish","4":"format-standard","5":"has-post-thumbnail","7":"category-aktualitet","8":"category-sport"},"_links":{"self":[{"href":"https:\/\/zjarr.tv\/sq\/wp-json\/wp\/v2\/posts\/77621","targetHints":{"allow":["GET"]}}],"collection":[{"href":"https:\/\/zjarr.tv\/sq\/wp-json\/wp\/v2\/posts"}],"about":[{"href":"https:\/\/zjarr.tv\/sq\/wp-json\/wp\/v2\/types\/post"}],"author":[{"embeddable":true,"href":"https:\/\/zjarr.tv\/sq\/wp-json\/wp\/v2\/users\/2013"}],"replies":[{"embeddable":true,"href":"https:\/\/zjarr.tv\/sq\/wp-json\/wp\/v2\/comments?post=77621"}],"version-history":[{"count":0,"href":"https:\/\/zjarr.tv\/sq\/wp-json\/wp\/v2\/posts\/77621\/revisions"}],"wp:featuredmedia":[{"embeddable":true,"href":"https:\/\/zjarr.tv\/sq\/wp-json\/wp\/v2\/media\/42316"}],"wp:attachment":[{"href":"https:\/\/zjarr.tv\/sq\/wp-json\/wp\/v2\/media?parent=77621"}],"wp:term":[{"taxonomy":"category","embeddable":true,"href":"https:\/\/zjarr.tv\/sq\/wp-json\/wp\/v2\/categories?post=77621"},{"taxonomy":"post_tag","embeddable":true,"href":"https:\/\/zjarr.tv\/sq\/wp-json\/wp\/v2\/tags?post=77621"}],"curies":[{"name":"wp","href":"https:\/\/api.w.org\/{rel}","templated":true}]}}