{"id":77650,"date":"2019-04-06T17:38:49","date_gmt":"2019-04-06T15:38:49","guid":{"rendered":"https:\/\/zjarr.tv\/?p=77650"},"modified":"2019-04-06T17:38:49","modified_gmt":"2019-04-06T15:38:49","slug":"ballaku-aeroporti-i-kukesit-realitet","status":"publish","type":"post","link":"https:\/\/zjarr.tv\/sq\/ballaku-aeroporti-i-kukesit-realitet\/","title":{"rendered":"Ballaku: Aeroporti i Kuk\u00ebsit realitet"},"content":{"rendered":"<p>Partia Demokratike hodhi akuza sot n\u00eb drejtim t\u00eb kryeministrit Edi Rama dhe qeveris\u00eb s\u00eb tij, duke th\u00ebn\u00eb se ai vet\u00ebm mashtron kuksian\u00ebt ese nuk po nd\u00ebrtohet as Aeroporti i Kuk\u00ebsit. Menj\u00ebher\u00eb pas k\u00ebsaj, ka reaguar ministrja e Infrastruktur\u00ebs dhe Energjis\u00eb Belinda Balluku. Kjo e fundit shprehet se Aeroporti Nd\u00ebrkomb\u00ebtar i Kuk\u00ebsit \u00ebsht\u00eb realitet dhe thot\u00eb se opozita hedh balt\u00eb p\u00ebr \u00e7do projekt q\u00eb b\u00ebhet n\u00eb dobi t\u00eb shqiptar\u00ebve.<\/p>\n<p><strong>Statusi i saj:<\/strong><\/p>\n<p>Balt\u00eb mbi \u00e7do pun\u00eb t\u00eb mir\u00eb, \u00e7do projekt q\u00eb gjeneron pun\u00ebsim e mir\u00ebq\u00ebnie p\u00ebr \u00e7do shqiptar.<\/p>\n<p>Aeroporti Nd\u00ebrkomb\u00ebtar i Kuk\u00ebsit \u00ebsht\u00eb realitet. Punimet civile do t\u00eb zgjasin 12 muaj dhe dor\u00ebzimi p\u00ebr operim 24 muaj. Kush e ka t\u00eb paqart\u00eb k\u00ebt\u00eb? Askush, thjesht\u00eb pak balt\u00eb edhe p\u00ebr sot.<\/p>\n<p>&nbsp;<\/p>\n","protected":false},"excerpt":{"rendered":"<p>Partia Demokratike hodhi akuza sot n\u00eb drejtim t\u00eb kryeministrit Edi Rama dhe qeveris\u00eb s\u00eb tij, duke th\u00ebn\u00eb se ai vet\u00ebm mashtron kuksian\u00ebt ese nuk po nd\u00ebrtohet as Aeroporti i Kuk\u00ebsit. Menj\u00ebher\u00eb pas k\u00ebsaj, ka reaguar ministrja e Infrastruktur\u00ebs dhe Energjis\u00eb Belinda Balluku. Kjo e fundit shprehet se Aeroporti Nd\u00ebrkomb\u00ebtar i Kuk\u00ebsit \u00ebsht\u00eb realitet dhe thot\u00eb [&hellip;]<\/p>\n","protected":false},"author":2013,"featured_media":72761,"comment_status":"open","ping_status":"closed","sticky":false,"template":"","format":"standard","meta":{"footnotes":""},"categories":[241,235],"tags":[],"class_list":{"0":"post-77650","1":"post","2":"type-post","3":"status-publish","4":"format-standard","5":"has-post-thumbnail","7":"category-aktualitet","8":"category-vendi"},"_links":{"self":[{"href":"https:\/\/zjarr.tv\/sq\/wp-json\/wp\/v2\/posts\/77650","targetHints":{"allow":["GET"]}}],"collection":[{"href":"https:\/\/zjarr.tv\/sq\/wp-json\/wp\/v2\/posts"}],"about":[{"href":"https:\/\/zjarr.tv\/sq\/wp-json\/wp\/v2\/types\/post"}],"author":[{"embeddable":true,"href":"https:\/\/zjarr.tv\/sq\/wp-json\/wp\/v2\/users\/2013"}],"replies":[{"embeddable":true,"href":"https:\/\/zjarr.tv\/sq\/wp-json\/wp\/v2\/comments?post=77650"}],"version-history":[{"count":0,"href":"https:\/\/zjarr.tv\/sq\/wp-json\/wp\/v2\/posts\/77650\/revisions"}],"wp:featuredmedia":[{"embeddable":true,"href":"https:\/\/zjarr.tv\/sq\/wp-json\/wp\/v2\/media\/72761"}],"wp:attachment":[{"href":"https:\/\/zjarr.tv\/sq\/wp-json\/wp\/v2\/media?parent=77650"}],"wp:term":[{"taxonomy":"category","embeddable":true,"href":"https:\/\/zjarr.tv\/sq\/wp-json\/wp\/v2\/categories?post=77650"},{"taxonomy":"post_tag","embeddable":true,"href":"https:\/\/zjarr.tv\/sq\/wp-json\/wp\/v2\/tags?post=77650"}],"curies":[{"name":"wp","href":"https:\/\/api.w.org\/{rel}","templated":true}]}}