{"id":77678,"date":"2019-04-06T18:29:17","date_gmt":"2019-04-06T16:29:17","guid":{"rendered":"https:\/\/zjarr.tv\/?p=77678"},"modified":"2019-04-06T18:29:17","modified_gmt":"2019-04-06T16:29:17","slug":"rama-sherr-me-qytetaret-ne-facebook","status":"publish","type":"post","link":"https:\/\/zjarr.tv\/sq\/rama-sherr-me-qytetaret-ne-facebook\/","title":{"rendered":"Rama sherr me qytetar\u00ebt n\u00eb facebook"},"content":{"rendered":"<p>Shefi i qeveris\u00eb Edi Rama duket se nuk i del inati me protestuesit q\u00eb marshuan kund\u00ebr tij n\u00eb qytetin e Kuk\u00ebsit, dhe e detyruan q\u00eb t\u00eb largohej nga takimi pran\u00eb aeroportit me helikopter.<\/p>\n<p>Ai \u00ebsht\u00eb p\u00ebrfshir\u00eb n\u00eb diskutime t\u00eb shumta n\u00eb rrjetet sociale, nd\u00ebrsa m\u00eb her\u00ebt ka sulmuar dhe Kryetarin e Bashksi\u00eb s\u00eb Kuk\u00ebsit, Bashkim Shehu.<\/p>\n<p>Rama shpalli dje n\u00eb Kuk\u00ebs dhe kandidatin e PS-s\u00eb p\u00ebr Bashkin\u00eb, q\u00eb do t\u00eb jet\u00eb Safet Gjici.<\/p>\n<p><strong>Disa nga replikat:<\/strong><\/p>\n<p><strong>Komentuese:<\/strong>\u00a0<em>Aeroporti i Kuksit eshte dhurat ti je nje hajdut qe vjeth taksat e shqiptarve edhe detyron administraten te vij e te degjoj perralla e te komentoj ne fb!<\/em><\/p>\n<p><strong>Rama:<\/strong>\u00a0<em>Dhurate nga kush xhan apo nga kazani ku ke zhytur koken, ndersa ketu komenton me kembe e s\u2019di cfare flet?! Aeroporti Kukesit, ku deri me sot kane fluturuar vetem zogjte, do te ndertohet krejt i ri dhe do te kete 10 fluturime nderkombetare ne dite qe ta marresh vesh ti, ndersa kjo dhurata do rrafshohet komplet se nuk i duhet dreqit!<\/em><\/p>\n<p><em>Per interes timin rrafshoj aeroportin?<\/em><em>\u00a0Po pse ca do bej aty shtepine time a si?! Hajde muhabet hajde, po s\u2019ka gje, kur ta shohesh aeroportin e ri do te te vije zor nga vetja me keto llafe kot, ndersa shqiptaret mos i pergojo se te japin uje ne bisht te luges<\/em><\/p>\n<p><strong>Komentues:<\/strong>\u00a0<em>Kukesjanet ta treguan vendin te bon me ik ne helikopter ne kukes keta jan Kukesjanet<\/em><\/p>\n<p><strong>Rama:<\/strong>\u00a0<em>Ke te drejte shume, ata 100 qorra me kryetarin e bashkise ne krye qe bllokojne rrugen, duke kerkuar sherr jane kuksianet, kurse mijera burra e gra e vajza e djem, qe mblidhen per te me mirepritur s\u2019jane kuksianet! Zoti ta prufte mbare se qenke mbrapsht krejt o mik<\/em><\/p>\n<p><strong>Komentues:<\/strong><em>\u00a0Po afrojne votat ereee kujdes popull mos mashtroheni me genjeshtat e asnjerit se jane gjithe njesoj, gjithe luftojne per karrige dhe nuk lahen dot gjoja me nje spital ose nje airoport qe eshte airoport luftarak e jo per neve<\/em><\/p>\n<p><strong>Rama:<\/strong><em>\u00a0hahhahahaha po aeroportin luftarak ku e gjete, se mire ato broqkullat e tjera i ke gjetur ne kazanin ku rri i zhytur me koke?!<\/em><em>\u00a0Jo o ti mik edhe Jim edhe Shaban, nuk do jete luftarak, do jete aeroport nderkombetar pasagjeresh, po ti vazhdo zhytur ne kazan se jetohet mire ashtu tralala zura nje gale<\/em><\/p>\n<p>&nbsp;<\/p>\n","protected":false},"excerpt":{"rendered":"<p>Shefi i qeveris\u00eb Edi Rama duket se nuk i del inati me protestuesit q\u00eb marshuan kund\u00ebr tij n\u00eb qytetin e Kuk\u00ebsit, dhe e detyruan q\u00eb t\u00eb largohej nga takimi pran\u00eb aeroportit me helikopter. Ai \u00ebsht\u00eb p\u00ebrfshir\u00eb n\u00eb diskutime t\u00eb shumta n\u00eb rrjetet sociale, nd\u00ebrsa m\u00eb her\u00ebt ka sulmuar dhe Kryetarin e Bashksi\u00eb s\u00eb Kuk\u00ebsit, Bashkim [&hellip;]<\/p>\n","protected":false},"author":2013,"featured_media":68798,"comment_status":"open","ping_status":"closed","sticky":false,"template":"","format":"standard","meta":{"footnotes":""},"categories":[241,235],"tags":[],"class_list":{"0":"post-77678","1":"post","2":"type-post","3":"status-publish","4":"format-standard","5":"has-post-thumbnail","7":"category-aktualitet","8":"category-vendi"},"_links":{"self":[{"href":"https:\/\/zjarr.tv\/sq\/wp-json\/wp\/v2\/posts\/77678","targetHints":{"allow":["GET"]}}],"collection":[{"href":"https:\/\/zjarr.tv\/sq\/wp-json\/wp\/v2\/posts"}],"about":[{"href":"https:\/\/zjarr.tv\/sq\/wp-json\/wp\/v2\/types\/post"}],"author":[{"embeddable":true,"href":"https:\/\/zjarr.tv\/sq\/wp-json\/wp\/v2\/users\/2013"}],"replies":[{"embeddable":true,"href":"https:\/\/zjarr.tv\/sq\/wp-json\/wp\/v2\/comments?post=77678"}],"version-history":[{"count":0,"href":"https:\/\/zjarr.tv\/sq\/wp-json\/wp\/v2\/posts\/77678\/revisions"}],"wp:featuredmedia":[{"embeddable":true,"href":"https:\/\/zjarr.tv\/sq\/wp-json\/wp\/v2\/media\/68798"}],"wp:attachment":[{"href":"https:\/\/zjarr.tv\/sq\/wp-json\/wp\/v2\/media?parent=77678"}],"wp:term":[{"taxonomy":"category","embeddable":true,"href":"https:\/\/zjarr.tv\/sq\/wp-json\/wp\/v2\/categories?post=77678"},{"taxonomy":"post_tag","embeddable":true,"href":"https:\/\/zjarr.tv\/sq\/wp-json\/wp\/v2\/tags?post=77678"}],"curies":[{"name":"wp","href":"https:\/\/api.w.org\/{rel}","templated":true}]}}