{"id":77900,"date":"2019-04-08T14:46:18","date_gmt":"2019-04-08T12:46:18","guid":{"rendered":"https:\/\/zjarr.tv\/?p=77900"},"modified":"2019-04-08T14:46:18","modified_gmt":"2019-04-08T12:46:18","slug":"grabitja-e-shtepise-se-biznesmenit-ne-fushe-kruje","status":"publish","type":"post","link":"https:\/\/zjarr.tv\/sq\/grabitja-e-shtepise-se-biznesmenit-ne-fushe-kruje\/","title":{"rendered":"Grabitja e sht\u00ebpis\u00eb s\u00eb biznesmenit n\u00eb Fush\u00eb-Kruj\u00eb"},"content":{"rendered":"<p>Disa persona t\u00eb armatosur dhe t\u00eb maskuar kan\u00eb vjedhur paraditen e sotme nj\u00eb banes\u00eb n\u00eb Fush\u00eb-Kruj\u00eb.<\/p>\n<p>Kjo ngjarje ka ndodhur n\u00eb lagjen \u201cPun\u00ebtori\u201d, nd\u00ebrsa policia dhe grupi hetimor kan\u00eb shkuar menj\u00ebher\u00eb n\u00eb vendin e ngjarjes dhe po punojn\u00eb p\u00ebr dokumentin e saj.<\/p>\n<p>Nuk dihet ende sasia e parave t\u00eb vjedhura.<\/p>\n<p>\u201cSot rreth or\u00ebs 12:00, n\u00eb lagjen \u201cPun\u00ebtori\u201d, n\u00eb Fush\u00eb Kruj\u00eb disa persona ende t\u00eb paidentifikuar, dyshohet nj\u00ebri prej tyre me arm\u00eb, kan\u00eb hyr\u00eb n\u00eb banes\u00ebn e nj\u00eb shtetasi dhe kan\u00eb grabitur nj\u00eb sasi lek\u00ebsh. N\u00eb vendngjarje ndodhet grupi hetimor, i cili po punon p\u00ebr zbardhjen e ngjarjes, identifikimin dhe kapjen e autor\u00ebve\u201d, njofton policia.<\/p>\n<p>&nbsp;<\/p>\n","protected":false},"excerpt":{"rendered":"<p>Disa persona t\u00eb armatosur dhe t\u00eb maskuar kan\u00eb vjedhur paraditen e sotme nj\u00eb banes\u00eb n\u00eb Fush\u00eb-Kruj\u00eb. Kjo ngjarje ka ndodhur n\u00eb lagjen \u201cPun\u00ebtori\u201d, nd\u00ebrsa policia dhe grupi hetimor kan\u00eb shkuar menj\u00ebher\u00eb n\u00eb vendin e ngjarjes dhe po punojn\u00eb p\u00ebr dokumentin e saj. Nuk dihet ende sasia e parave t\u00eb vjedhura. \u201cSot rreth or\u00ebs 12:00, n\u00eb [&hellip;]<\/p>\n","protected":false},"author":2013,"featured_media":69615,"comment_status":"open","ping_status":"closed","sticky":false,"template":"","format":"standard","meta":{"footnotes":""},"categories":[241,235],"tags":[],"class_list":{"0":"post-77900","1":"post","2":"type-post","3":"status-publish","4":"format-standard","5":"has-post-thumbnail","7":"category-aktualitet","8":"category-vendi"},"_links":{"self":[{"href":"https:\/\/zjarr.tv\/sq\/wp-json\/wp\/v2\/posts\/77900","targetHints":{"allow":["GET"]}}],"collection":[{"href":"https:\/\/zjarr.tv\/sq\/wp-json\/wp\/v2\/posts"}],"about":[{"href":"https:\/\/zjarr.tv\/sq\/wp-json\/wp\/v2\/types\/post"}],"author":[{"embeddable":true,"href":"https:\/\/zjarr.tv\/sq\/wp-json\/wp\/v2\/users\/2013"}],"replies":[{"embeddable":true,"href":"https:\/\/zjarr.tv\/sq\/wp-json\/wp\/v2\/comments?post=77900"}],"version-history":[{"count":0,"href":"https:\/\/zjarr.tv\/sq\/wp-json\/wp\/v2\/posts\/77900\/revisions"}],"wp:featuredmedia":[{"embeddable":true,"href":"https:\/\/zjarr.tv\/sq\/wp-json\/wp\/v2\/media\/69615"}],"wp:attachment":[{"href":"https:\/\/zjarr.tv\/sq\/wp-json\/wp\/v2\/media?parent=77900"}],"wp:term":[{"taxonomy":"category","embeddable":true,"href":"https:\/\/zjarr.tv\/sq\/wp-json\/wp\/v2\/categories?post=77900"},{"taxonomy":"post_tag","embeddable":true,"href":"https:\/\/zjarr.tv\/sq\/wp-json\/wp\/v2\/tags?post=77900"}],"curies":[{"name":"wp","href":"https:\/\/api.w.org\/{rel}","templated":true}]}}