{"id":78292,"date":"2019-04-10T16:18:21","date_gmt":"2019-04-10T14:18:21","guid":{"rendered":"https:\/\/zjarr.tv\/?p=78292"},"modified":"2019-04-10T16:18:21","modified_gmt":"2019-04-10T14:18:21","slug":"shtyrje-e-afatit-te-brexit-theresa-may-takon-macron","status":"publish","type":"post","link":"https:\/\/zjarr.tv\/sq\/shtyrje-e-afatit-te-brexit-theresa-may-takon-macron\/","title":{"rendered":"Shtyrje e afatit t\u00eb Brexit, Theresa May takon Macron"},"content":{"rendered":"<p>Theresa May po zhvillon bisedimet e minut\u00ebs s\u00eb fundit p\u00ebr Brexit me Presidentin francez Emmanuel Macron, p\u00ebr t\u00ebrheqjen e Britanis\u00eb s\u00eb Madhe nga BE. Kan\u00eb mbetur vet\u00ebm 3 dit\u00eb nga afati i mbetur.<\/p>\n<p>Kryeministrja britanike do t&#8217;i k\u00ebrkoj\u00eb Macron q\u00eb t\u00eb mb\u00ebshtes\u00eb k\u00ebrkes\u00ebn e saj p\u00ebr t\u00eb shtyr\u00eb Brexit deri m\u00eb 30 qershor. M\u00eb par\u00eb pati bisedime me kancelaren gjermane, Angela Merkel.<\/p>\n<p>Pas bisedimeve, Merkel tha se afati mund t\u00eb shtyhet deri n\u00eb fund t\u00eb vitit ose fillim t\u00eb vitit 2020, me q\u00ebllim p\u00ebr t\u00eb dal\u00eb nga Bashkimi Evropian me marr\u00ebveshje.<\/p>\n","protected":false},"excerpt":{"rendered":"<p>Theresa May po zhvillon bisedimet e minut\u00ebs s\u00eb fundit p\u00ebr Brexit me Presidentin francez Emmanuel Macron, p\u00ebr t\u00ebrheqjen e Britanis\u00eb s\u00eb Madhe nga BE. Kan\u00eb mbetur vet\u00ebm 3 dit\u00eb nga afati i mbetur. Kryeministrja britanike do t&#8217;i k\u00ebrkoj\u00eb Macron q\u00eb t\u00eb mb\u00ebshtes\u00eb k\u00ebrkes\u00ebn e saj p\u00ebr t\u00eb shtyr\u00eb Brexit deri m\u00eb 30 qershor. M\u00eb par\u00eb [&hellip;]<\/p>\n","protected":false},"author":2013,"featured_media":54357,"comment_status":"open","ping_status":"closed","sticky":false,"template":"","format":"standard","meta":{"footnotes":""},"categories":[241,191],"tags":[],"class_list":{"0":"post-78292","1":"post","2":"type-post","3":"status-publish","4":"format-standard","5":"has-post-thumbnail","7":"category-aktualitet","8":"category-bota"},"_links":{"self":[{"href":"https:\/\/zjarr.tv\/sq\/wp-json\/wp\/v2\/posts\/78292","targetHints":{"allow":["GET"]}}],"collection":[{"href":"https:\/\/zjarr.tv\/sq\/wp-json\/wp\/v2\/posts"}],"about":[{"href":"https:\/\/zjarr.tv\/sq\/wp-json\/wp\/v2\/types\/post"}],"author":[{"embeddable":true,"href":"https:\/\/zjarr.tv\/sq\/wp-json\/wp\/v2\/users\/2013"}],"replies":[{"embeddable":true,"href":"https:\/\/zjarr.tv\/sq\/wp-json\/wp\/v2\/comments?post=78292"}],"version-history":[{"count":0,"href":"https:\/\/zjarr.tv\/sq\/wp-json\/wp\/v2\/posts\/78292\/revisions"}],"wp:featuredmedia":[{"embeddable":true,"href":"https:\/\/zjarr.tv\/sq\/wp-json\/wp\/v2\/media\/54357"}],"wp:attachment":[{"href":"https:\/\/zjarr.tv\/sq\/wp-json\/wp\/v2\/media?parent=78292"}],"wp:term":[{"taxonomy":"category","embeddable":true,"href":"https:\/\/zjarr.tv\/sq\/wp-json\/wp\/v2\/categories?post=78292"},{"taxonomy":"post_tag","embeddable":true,"href":"https:\/\/zjarr.tv\/sq\/wp-json\/wp\/v2\/tags?post=78292"}],"curies":[{"name":"wp","href":"https:\/\/api.w.org\/{rel}","templated":true}]}}