{"id":78846,"date":"2019-04-13T14:34:47","date_gmt":"2019-04-13T12:34:47","guid":{"rendered":"https:\/\/zjarr.tv\/?p=78846"},"modified":"2019-04-13T14:34:47","modified_gmt":"2019-04-13T12:34:47","slug":"transporti-nderqytetas-te-henen-ne-proteste","status":"publish","type":"post","link":"https:\/\/zjarr.tv\/sq\/transporti-nderqytetas-te-henen-ne-proteste\/","title":{"rendered":"Transporti nd\u00ebrqytetas t\u00eb h\u00ebn\u00ebn n\u00eb protest\u00eb"},"content":{"rendered":"<p>Dit\u00ebn e h\u00ebn\u00eb n\u00eb t\u00eb gjith\u00eb vendit do t\u00eb pezullohet transporti nd\u00ebrqytetas. P\u00ebrfaq\u00ebsues t\u00eb shoqat\u00ebs \u00a0komb\u00ebtare t\u00eb Transportit Nd\u00ebrqytetas i kan\u00eb rikujtuar ministres Belinda Balluku q\u00eb t\u00eb reagoj\u00eb sa m\u00eb par\u00eb n\u00eb lidhje me k\u00ebrkesat e tyre.<\/p>\n<p>Operator\u00ebt k\u00ebrkojn\u00eb q\u00eb t\u00eb krijohen stacione t\u00eb nd\u00ebrmjetme \u00a0mbi bazen e marr\u00ebveshjeve midis operator\u00ebve, t\u00eb luftohet konkurrenca e \u00a0pandershme dhe t\u00eb pezullohen gjobat e v\u00ebna padrejt\u00ebsisht.<\/p>\n<p>P\u00ebrfaq\u00ebsuesit e shoqat\u00ebs Komb\u00ebtare t\u00eb transportit nd\u00ebrqytetas, Leonard Shanaj dhe Eneo Sulejmanaj i kan\u00eb dor\u00ebzuar ministres 10 dit\u00eb m\u00eb par\u00eb k\u00ebrkesat e tyre n\u00eb m\u00ebnyr\u00eb zyrtare dhe i kan\u00eb l\u00ebn\u00eb afat deri n\u00eb 15 prill por edhe pse jemi vet\u00ebm nj\u00eb dit\u00eb para Ministrja e Infrastruktur\u00ebs dhe Energjis\u00eb, Belinda Balluku nuk ka kthyer asnj\u00eb p\u00ebrgjigje duke rrezikuar \u00a0n\u00eb k\u00ebt\u00eb m\u00ebnyr\u00eb \u00a0q\u00eb t\u00eb paralizoj\u00eb t\u00eb gjith\u00eb transportin nd\u00ebrqytetas n\u00eb vend.<\/p>\n<p>&nbsp;<\/p>\n","protected":false},"excerpt":{"rendered":"<p>Dit\u00ebn e h\u00ebn\u00eb n\u00eb t\u00eb gjith\u00eb vendit do t\u00eb pezullohet transporti nd\u00ebrqytetas. P\u00ebrfaq\u00ebsues t\u00eb shoqat\u00ebs \u00a0komb\u00ebtare t\u00eb Transportit Nd\u00ebrqytetas i kan\u00eb rikujtuar ministres Belinda Balluku q\u00eb t\u00eb reagoj\u00eb sa m\u00eb par\u00eb n\u00eb lidhje me k\u00ebrkesat e tyre. Operator\u00ebt k\u00ebrkojn\u00eb q\u00eb t\u00eb krijohen stacione t\u00eb nd\u00ebrmjetme \u00a0mbi bazen e marr\u00ebveshjeve midis operator\u00ebve, t\u00eb luftohet konkurrenca e [&hellip;]<\/p>\n","protected":false},"author":2013,"featured_media":78847,"comment_status":"open","ping_status":"closed","sticky":false,"template":"","format":"standard","meta":{"footnotes":""},"categories":[241,235],"tags":[],"class_list":{"0":"post-78846","1":"post","2":"type-post","3":"status-publish","4":"format-standard","5":"has-post-thumbnail","7":"category-aktualitet","8":"category-vendi"},"_links":{"self":[{"href":"https:\/\/zjarr.tv\/sq\/wp-json\/wp\/v2\/posts\/78846","targetHints":{"allow":["GET"]}}],"collection":[{"href":"https:\/\/zjarr.tv\/sq\/wp-json\/wp\/v2\/posts"}],"about":[{"href":"https:\/\/zjarr.tv\/sq\/wp-json\/wp\/v2\/types\/post"}],"author":[{"embeddable":true,"href":"https:\/\/zjarr.tv\/sq\/wp-json\/wp\/v2\/users\/2013"}],"replies":[{"embeddable":true,"href":"https:\/\/zjarr.tv\/sq\/wp-json\/wp\/v2\/comments?post=78846"}],"version-history":[{"count":0,"href":"https:\/\/zjarr.tv\/sq\/wp-json\/wp\/v2\/posts\/78846\/revisions"}],"wp:featuredmedia":[{"embeddable":true,"href":"https:\/\/zjarr.tv\/sq\/wp-json\/wp\/v2\/media\/78847"}],"wp:attachment":[{"href":"https:\/\/zjarr.tv\/sq\/wp-json\/wp\/v2\/media?parent=78846"}],"wp:term":[{"taxonomy":"category","embeddable":true,"href":"https:\/\/zjarr.tv\/sq\/wp-json\/wp\/v2\/categories?post=78846"},{"taxonomy":"post_tag","embeddable":true,"href":"https:\/\/zjarr.tv\/sq\/wp-json\/wp\/v2\/tags?post=78846"}],"curies":[{"name":"wp","href":"https:\/\/api.w.org\/{rel}","templated":true}]}}