{"id":78867,"date":"2019-04-13T15:19:43","date_gmt":"2019-04-13T13:19:43","guid":{"rendered":"https:\/\/zjarr.tv\/?p=78867"},"modified":"2019-04-13T15:19:43","modified_gmt":"2019-04-13T13:19:43","slug":"protestues-nga-mati-dibra-e-bulqiza-nisen-drejt-tiranes","status":"publish","type":"post","link":"https:\/\/zjarr.tv\/sq\/protestues-nga-mati-dibra-e-bulqiza-nisen-drejt-tiranes\/","title":{"rendered":"Protestues nga Mati, Dibra e Bulqiza nisen drejt Tiran\u00ebs"},"content":{"rendered":"<p>Kur kan\u00eb mbetur edhe pak or\u00eb nga protesta e opozit\u00ebs s\u00eb bashkuar, qytetar\u00eb dhe simpatizant\u00eb t\u00eb frontit opozitar jan\u00eb nisur nga rrethet n\u00eb drejtim t\u00eb kryeqytetit. N\u00eb rrethin e Matit simpatizant\u00eb t\u00eb PD-s\u00eb dhe LSI-s\u00eb jan\u00eb mbledhur fillimisht n\u00eb qend\u00ebr t\u00eb qytetit p\u00ebr t\u00eb vijuar m\u00eb pas udh\u00ebtimin drejt Tiran\u00ebs me autobus\u00eb dhe me mjete private. Sipas drejtuesve t\u00eb PD-s\u00eb n\u00eb\u00a0 Mat, jan\u00eb 1500 persona t\u00eb cil\u00ebt kan\u00eb shprehur pjes\u00ebmarrjen n\u00eb protest\u00eb.<\/p>\n","protected":false},"excerpt":{"rendered":"<p>Kur kan\u00eb mbetur edhe pak or\u00eb nga protesta e opozit\u00ebs s\u00eb bashkuar, qytetar\u00eb dhe simpatizant\u00eb t\u00eb frontit opozitar jan\u00eb nisur nga rrethet n\u00eb drejtim t\u00eb kryeqytetit. N\u00eb rrethin e Matit simpatizant\u00eb t\u00eb PD-s\u00eb dhe LSI-s\u00eb jan\u00eb mbledhur fillimisht n\u00eb qend\u00ebr t\u00eb qytetit p\u00ebr t\u00eb vijuar m\u00eb pas udh\u00ebtimin drejt Tiran\u00ebs me autobus\u00eb dhe me mjete [&hellip;]<\/p>\n","protected":false},"author":2013,"featured_media":78863,"comment_status":"open","ping_status":"closed","sticky":false,"template":"","format":"standard","meta":{"footnotes":""},"categories":[241,235],"tags":[],"class_list":{"0":"post-78867","1":"post","2":"type-post","3":"status-publish","4":"format-standard","5":"has-post-thumbnail","7":"category-aktualitet","8":"category-vendi"},"_links":{"self":[{"href":"https:\/\/zjarr.tv\/sq\/wp-json\/wp\/v2\/posts\/78867","targetHints":{"allow":["GET"]}}],"collection":[{"href":"https:\/\/zjarr.tv\/sq\/wp-json\/wp\/v2\/posts"}],"about":[{"href":"https:\/\/zjarr.tv\/sq\/wp-json\/wp\/v2\/types\/post"}],"author":[{"embeddable":true,"href":"https:\/\/zjarr.tv\/sq\/wp-json\/wp\/v2\/users\/2013"}],"replies":[{"embeddable":true,"href":"https:\/\/zjarr.tv\/sq\/wp-json\/wp\/v2\/comments?post=78867"}],"version-history":[{"count":0,"href":"https:\/\/zjarr.tv\/sq\/wp-json\/wp\/v2\/posts\/78867\/revisions"}],"wp:featuredmedia":[{"embeddable":true,"href":"https:\/\/zjarr.tv\/sq\/wp-json\/wp\/v2\/media\/78863"}],"wp:attachment":[{"href":"https:\/\/zjarr.tv\/sq\/wp-json\/wp\/v2\/media?parent=78867"}],"wp:term":[{"taxonomy":"category","embeddable":true,"href":"https:\/\/zjarr.tv\/sq\/wp-json\/wp\/v2\/categories?post=78867"},{"taxonomy":"post_tag","embeddable":true,"href":"https:\/\/zjarr.tv\/sq\/wp-json\/wp\/v2\/tags?post=78867"}],"curies":[{"name":"wp","href":"https:\/\/api.w.org\/{rel}","templated":true}]}}