{"id":78869,"date":"2019-04-13T15:36:09","date_gmt":"2019-04-13T13:36:09","guid":{"rendered":"https:\/\/zjarr.tv\/?p=78869"},"modified":"2019-04-13T15:36:09","modified_gmt":"2019-04-13T13:36:09","slug":"ja-cfare-premton-ish-deputeti-demokrat-per-protesten-e-sotme","status":"publish","type":"post","link":"https:\/\/zjarr.tv\/sq\/ja-cfare-premton-ish-deputeti-demokrat-per-protesten-e-sotme\/","title":{"rendered":"Ja \u00e7far\u00eb premton ish-deputeti demokrat p\u00ebr protest\u00ebn e sotme"},"content":{"rendered":"<p>Ish-deputeti i PD-s\u00eb Klevis Balliu ka deklaruar p\u00ebr protest\u00ebn e sotme se do t\u00eb ket\u00eb surpriza. Ai ka theksuar se kjo e sotmja do t\u00eb jet\u00eb nj\u00eb uragan.<\/p>\n<p>\u201cShqiptar\u00ebt gjithmon\u00eb suprizojn\u00eb. Kjo nuk \u00ebsht\u00eb nj\u00eb protest\u00eb e nj\u00eb partie politike, por kjo \u00ebsht\u00eb nj\u00eb revolt\u00eb, ndaj ka surpriza.<\/p>\n<p>Ne rrezikohemi nga bashkepunimi i Ram\u00ebs me kriminel\u00ebt. Ky sot \u00ebsht\u00eb uragan i cili n\u00eb histori do t\u00eb njihet si shkat\u00ebrrimi i sistemit komunist\u201d , tha Balliu p\u00ebr Fax News.<\/p>\n","protected":false},"excerpt":{"rendered":"<p>Ish-deputeti i PD-s\u00eb Klevis Balliu ka deklaruar p\u00ebr protest\u00ebn e sotme se do t\u00eb ket\u00eb surpriza. Ai ka theksuar se kjo e sotmja do t\u00eb jet\u00eb nj\u00eb uragan. \u201cShqiptar\u00ebt gjithmon\u00eb suprizojn\u00eb. Kjo nuk \u00ebsht\u00eb nj\u00eb protest\u00eb e nj\u00eb partie politike, por kjo \u00ebsht\u00eb nj\u00eb revolt\u00eb, ndaj ka surpriza. Ne rrezikohemi nga bashkepunimi i Ram\u00ebs me [&hellip;]<\/p>\n","protected":false},"author":2013,"featured_media":52891,"comment_status":"open","ping_status":"closed","sticky":false,"template":"","format":"standard","meta":{"footnotes":""},"categories":[241,235],"tags":[],"class_list":{"0":"post-78869","1":"post","2":"type-post","3":"status-publish","4":"format-standard","5":"has-post-thumbnail","7":"category-aktualitet","8":"category-vendi"},"_links":{"self":[{"href":"https:\/\/zjarr.tv\/sq\/wp-json\/wp\/v2\/posts\/78869","targetHints":{"allow":["GET"]}}],"collection":[{"href":"https:\/\/zjarr.tv\/sq\/wp-json\/wp\/v2\/posts"}],"about":[{"href":"https:\/\/zjarr.tv\/sq\/wp-json\/wp\/v2\/types\/post"}],"author":[{"embeddable":true,"href":"https:\/\/zjarr.tv\/sq\/wp-json\/wp\/v2\/users\/2013"}],"replies":[{"embeddable":true,"href":"https:\/\/zjarr.tv\/sq\/wp-json\/wp\/v2\/comments?post=78869"}],"version-history":[{"count":0,"href":"https:\/\/zjarr.tv\/sq\/wp-json\/wp\/v2\/posts\/78869\/revisions"}],"wp:featuredmedia":[{"embeddable":true,"href":"https:\/\/zjarr.tv\/sq\/wp-json\/wp\/v2\/media\/52891"}],"wp:attachment":[{"href":"https:\/\/zjarr.tv\/sq\/wp-json\/wp\/v2\/media?parent=78869"}],"wp:term":[{"taxonomy":"category","embeddable":true,"href":"https:\/\/zjarr.tv\/sq\/wp-json\/wp\/v2\/categories?post=78869"},{"taxonomy":"post_tag","embeddable":true,"href":"https:\/\/zjarr.tv\/sq\/wp-json\/wp\/v2\/tags?post=78869"}],"curies":[{"name":"wp","href":"https:\/\/api.w.org\/{rel}","templated":true}]}}