{"id":79465,"date":"2019-04-16T15:25:38","date_gmt":"2019-04-16T13:25:38","guid":{"rendered":"https:\/\/zjarr.tv\/?p=79465"},"modified":"2019-04-16T15:25:38","modified_gmt":"2019-04-16T13:25:38","slug":"deputetja-e-shpall-ramen-guru-i-ps","status":"publish","type":"post","link":"https:\/\/zjarr.tv\/sq\/deputetja-e-shpall-ramen-guru-i-ps\/","title":{"rendered":"Deputetja e shpall Ram\u00ebn &#8216;Guru&#8217; i PS"},"content":{"rendered":"<p>Deputetja e Partis\u00eb Socialiste, Milva Ikonomi, i ka tejkalua s\u00eb fundmi edhe pritshm\u00ebrit\u00eb m\u00eb t\u00eb m\u00ebdha t\u00eb Edi Ram\u00ebs, ndaj l\u00ebpir\u00ebsve t\u00eb vet\u00eb. Dihet tashm\u00eb se atij i p\u00eblqen ta quajn\u00eb \u201clider bot\u00ebror\u201d, \u201cSk\u00ebnderbe\u201d, \u201cKonic\u00eb e Fan Nol\u201d, por se do t\u00eb ishte edhe nj\u00eb Guru, \u00a0\u201cUdh\u00ebheq\u00ebs shpirt\u00ebror\u201d si profet\u00ebt, shenjtor\u00ebt, apo Dalai Lama e N\u00ebn\u00eb Tereza q\u00eb kan\u00eb frym\u00ebzuar dhe udh\u00ebhequr jet\u00ebn shpirt\u00ebrore t\u00eb miliona njer\u00ebzve, k\u00ebt\u00eb si v\u00ebshtir\u00eb ta kishte menduar. Ka qen\u00eb vet\u00eb ish ministrja, Ikonomi, e cila dit\u00ebn e djeshme gjat\u00eb nj\u00eb interviste p\u00ebr\u00a0 \u201cABC news\u201d, ka marr\u00eb guximin dhe e ka graduar Ram\u00ebn, q\u00eb njihet p\u00ebrve\u00e7se si lider e artist i madh, tashm\u00eb do t\u00eb njihet edhe si \u201cUdh\u00ebheq\u00ebs shpirt\u00ebror\u201d.<\/p>\n<p>\u201cDo shkohet n\u00eb 30 Qershor dhe zgjedhjet jan\u00eb detyrim. Kjo \u00ebsht\u00eb nj\u00eb nga rrug\u00ebt q\u00eb ka zgjedhur PS p\u00ebr t\u00eb shkuar n\u00eb zgjedhjet e 30 Qershorit. Dhe ne udh\u00ebheq\u00ebs edhe politik edhe shpirt\u00ebror kemi zotin Edi Rama. Me Edi Ram\u00ebn ne n\u00eb 30 Qershor, hapim qendrat e votimit\u201d, nuk e ka mbajtur dot gjuh\u00ebn Ikonomi.<\/p>\n<p>Ky vler\u00ebsim superlativ p\u00ebr Edi Ram\u00ebn, me shum\u00eb gjasa ka b\u00ebr\u00eb t\u00eb qesh\u00eb edhe vet\u00eb Elisa Spiropalin, e cila l\u00ebpirjes i ka v\u00ebn\u00eb si kufi, deri te \u201cSk\u00ebnderbeu i ri i Shqip\u00ebris.<\/p>\n","protected":false},"excerpt":{"rendered":"<p>Deputetja e Partis\u00eb Socialiste, Milva Ikonomi, i ka tejkalua s\u00eb fundmi edhe pritshm\u00ebrit\u00eb m\u00eb t\u00eb m\u00ebdha t\u00eb Edi Ram\u00ebs, ndaj l\u00ebpir\u00ebsve t\u00eb vet\u00eb. Dihet tashm\u00eb se atij i p\u00eblqen ta quajn\u00eb \u201clider bot\u00ebror\u201d, \u201cSk\u00ebnderbe\u201d, \u201cKonic\u00eb e Fan Nol\u201d, por se do t\u00eb ishte edhe nj\u00eb Guru, \u00a0\u201cUdh\u00ebheq\u00ebs shpirt\u00ebror\u201d si profet\u00ebt, shenjtor\u00ebt, apo Dalai Lama e [&hellip;]<\/p>\n","protected":false},"author":2013,"featured_media":69859,"comment_status":"open","ping_status":"closed","sticky":false,"template":"","format":"standard","meta":{"footnotes":""},"categories":[241,235],"tags":[],"class_list":{"0":"post-79465","1":"post","2":"type-post","3":"status-publish","4":"format-standard","5":"has-post-thumbnail","7":"category-aktualitet","8":"category-vendi"},"_links":{"self":[{"href":"https:\/\/zjarr.tv\/sq\/wp-json\/wp\/v2\/posts\/79465","targetHints":{"allow":["GET"]}}],"collection":[{"href":"https:\/\/zjarr.tv\/sq\/wp-json\/wp\/v2\/posts"}],"about":[{"href":"https:\/\/zjarr.tv\/sq\/wp-json\/wp\/v2\/types\/post"}],"author":[{"embeddable":true,"href":"https:\/\/zjarr.tv\/sq\/wp-json\/wp\/v2\/users\/2013"}],"replies":[{"embeddable":true,"href":"https:\/\/zjarr.tv\/sq\/wp-json\/wp\/v2\/comments?post=79465"}],"version-history":[{"count":0,"href":"https:\/\/zjarr.tv\/sq\/wp-json\/wp\/v2\/posts\/79465\/revisions"}],"wp:featuredmedia":[{"embeddable":true,"href":"https:\/\/zjarr.tv\/sq\/wp-json\/wp\/v2\/media\/69859"}],"wp:attachment":[{"href":"https:\/\/zjarr.tv\/sq\/wp-json\/wp\/v2\/media?parent=79465"}],"wp:term":[{"taxonomy":"category","embeddable":true,"href":"https:\/\/zjarr.tv\/sq\/wp-json\/wp\/v2\/categories?post=79465"},{"taxonomy":"post_tag","embeddable":true,"href":"https:\/\/zjarr.tv\/sq\/wp-json\/wp\/v2\/tags?post=79465"}],"curies":[{"name":"wp","href":"https:\/\/api.w.org\/{rel}","templated":true}]}}