{"id":80405,"date":"2019-04-22T14:06:05","date_gmt":"2019-04-22T12:06:05","guid":{"rendered":"https:\/\/zjarr.tv\/?p=80405"},"modified":"2019-04-22T14:06:05","modified_gmt":"2019-04-22T12:06:05","slug":"dita-e-dyte-e-pashkeve-e-hena-e-engjellit","status":"publish","type":"post","link":"https:\/\/zjarr.tv\/sq\/dita-e-dyte-e-pashkeve-e-hena-e-engjellit\/","title":{"rendered":"Dita e dyt\u00eb e Pashk\u00ebve, E H\u00ebna e Engj\u00ebllit"},"content":{"rendered":"<p>Sot \u00ebsht\u00eb dita e dyt\u00eb e Pashk\u00ebve, dita e dyt\u00eb e Ngjalljes s\u00eb Krishtit, e H\u00ebna e Engj\u00ebllit.<\/p>\n<p>Po pse dita e par\u00eb pas Pashk\u00ebve quhet \u2018e H\u00ebna e Engj\u00ebllit\u2019?<\/p>\n<p>Dit\u00ebn e H\u00ebn\u00eb t\u00eb Engj\u00ebllit, \u00a0si\u00e7 quhet dita dyt\u00eb e Pashk\u00ebve t? Krishtit t? Gjall?, po ndalemi te\u00a0dometh\u00ebnia e fjal\u00ebs \u2018Aleluja\u2019,\u00a0brohori q\u00eb jehoi p\u00ebrs\u00ebri n\u00eb Kish\u00eb n\u00eb Nat\u00ebn e Pashk\u00ebve, pas dit\u00ebve t\u00eb gjata t\u00eb Krezhm\u00ebve.\u00a0\u2018Aleluja\u2019, fjal\u00eb hebraike e njohur universalisht do t\u00eb thot\u00eb \u2018Lavd\u00ebrojeni Zotin\u2019. E n\u00eb dit\u00ebt e koh\u00ebs s\u00eb Pashk\u00ebve, kjo ftes\u00eb p\u00ebr lavd\u00ebrim kalon nga goja n\u00eb goj\u00eb, nga zemra n\u00eb zem\u00ebr.<\/p>\n<p>Jehon p\u00ebrs\u00ebri k\u00ebshtu\u00a0 duke u nisur nga nj\u00eb ngjarje krejt e re: nga vdekja e ngjallja e Jezus Krishtit. Aleluja lul\u00ebzoi n\u00eb zemrat e nx\u00ebn\u00ebsve e nx\u00ebn\u00ebseve t\u00eb para t\u00eb Jezusit, dit\u00ebn e Pashk\u00ebve n\u00eb Jeruzalem.<\/p>\n<p>E n\u00eb k\u00ebt\u00eb koh\u00eb shpirt\u00ebrore e liturgjike t\u00eb Pashk\u00ebve, n\u00eb mesdit\u00eb, t\u00eb krishter\u00eb lusin urat\u00ebn q\u00eb z\u00eb vendin e\u00a0lutjes s\u00eb Engj\u00ebllit t\u00eb T\u00ebnzot, \u00ebsht\u00eb fjala p\u00ebr\u00a0antifon\u00ebn mariane t\u00eb Mbret\u00ebresh\u00ebs Qiellore. Teksti, krejt i shkurt\u00ebr, ka form\u00ebn e nj\u00eb kumtimi: \u00ebsht\u00eb si nj\u00eb lajm i ri q\u00eb i vjen Maris\u00eb, t\u00eb cilin k\u00ebt\u00eb her\u00eb nuk e sjell Engj\u00eblli, por t\u00eb krishter\u00ebt, q\u00eb e ftojn\u00eb t\u00eb g\u00ebzohet, sepse i Biri Jezus, q\u00eb e mbajti n\u00eb preh\u00ebr, u ngjall, ashtu si\u00e7 kishte premtuar.<\/p>\n<p>N\u00eb t\u00eb v\u00ebrtet\u00eb, \u2018g\u00ebzohu\u2019 ishte fjala e par\u00eb q\u00eb i drejtoi Maris\u00eb Lajm\u00ebtari (Engj\u00eblli) qiellor n\u00eb Nazaret. E kishte k\u00ebt\u00eb kuptim: \u2018G\u00ebzohu, o Mari, sepse Biri i Hyjit \u00ebsht\u00eb duke u b\u00ebr\u00eb njeri n\u00eb Ty! .\u00a0E\u00a0tani, n\u00eb Koh\u00ebn e Ngjalljes, pas dram\u00ebs s\u00eb Mundimeve, jehon p\u00ebrs\u00ebri ftesa p\u00ebr t\u2019u g\u00ebzuar: Gaude et l?tare, Virgo Maria, alleluia, quia surrexit Dominus vere, alleluia\u201d \u2013 G\u00ebzohu e ngaz\u00ebllehu, o Virgj\u00ebr Mari, aleluja, sepse Zoti v\u00ebrtet\u00eb u ngjall, aleluia!<\/p>\n<p>&nbsp;<\/p>\n","protected":false},"excerpt":{"rendered":"<p>Sot \u00ebsht\u00eb dita e dyt\u00eb e Pashk\u00ebve, dita e dyt\u00eb e Ngjalljes s\u00eb Krishtit, e H\u00ebna e Engj\u00ebllit. Po pse dita e par\u00eb pas Pashk\u00ebve quhet \u2018e H\u00ebna e Engj\u00ebllit\u2019? Dit\u00ebn e H\u00ebn\u00eb t\u00eb Engj\u00ebllit, \u00a0si\u00e7 quhet dita dyt\u00eb e Pashk\u00ebve t? Krishtit t? Gjall?, po ndalemi te\u00a0dometh\u00ebnia e fjal\u00ebs \u2018Aleluja\u2019,\u00a0brohori q\u00eb jehoi p\u00ebrs\u00ebri n\u00eb [&hellip;]<\/p>\n","protected":false},"author":2013,"featured_media":0,"comment_status":"open","ping_status":"closed","sticky":false,"template":"","format":"standard","meta":{"footnotes":""},"categories":[241,235],"tags":[],"class_list":{"0":"post-80405","1":"post","2":"type-post","3":"status-publish","4":"format-standard","6":"category-aktualitet","7":"category-vendi"},"_links":{"self":[{"href":"https:\/\/zjarr.tv\/sq\/wp-json\/wp\/v2\/posts\/80405","targetHints":{"allow":["GET"]}}],"collection":[{"href":"https:\/\/zjarr.tv\/sq\/wp-json\/wp\/v2\/posts"}],"about":[{"href":"https:\/\/zjarr.tv\/sq\/wp-json\/wp\/v2\/types\/post"}],"author":[{"embeddable":true,"href":"https:\/\/zjarr.tv\/sq\/wp-json\/wp\/v2\/users\/2013"}],"replies":[{"embeddable":true,"href":"https:\/\/zjarr.tv\/sq\/wp-json\/wp\/v2\/comments?post=80405"}],"version-history":[{"count":0,"href":"https:\/\/zjarr.tv\/sq\/wp-json\/wp\/v2\/posts\/80405\/revisions"}],"wp:attachment":[{"href":"https:\/\/zjarr.tv\/sq\/wp-json\/wp\/v2\/media?parent=80405"}],"wp:term":[{"taxonomy":"category","embeddable":true,"href":"https:\/\/zjarr.tv\/sq\/wp-json\/wp\/v2\/categories?post=80405"},{"taxonomy":"post_tag","embeddable":true,"href":"https:\/\/zjarr.tv\/sq\/wp-json\/wp\/v2\/tags?post=80405"}],"curies":[{"name":"wp","href":"https:\/\/api.w.org\/{rel}","templated":true}]}}