{"id":80598,"date":"2019-04-23T14:23:49","date_gmt":"2019-04-23T12:23:49","guid":{"rendered":"https:\/\/zjarr.tv\/?p=80598"},"modified":"2019-04-23T14:23:49","modified_gmt":"2019-04-23T12:23:49","slug":"hec-e-ne-mirdite-banoret-kunder-mos-i-shkaterroni-lumenjte","status":"publish","type":"post","link":"https:\/\/zjarr.tv\/sq\/hec-e-ne-mirdite-banoret-kunder-mos-i-shkaterroni-lumenjte\/","title":{"rendered":"HEC-e n\u00eb Mirdit\u00eb, banor\u00ebt kund\u00ebr: Mos i shkat\u00ebrroni lumenjt\u00eb"},"content":{"rendered":"<p>Banor\u00ebt e Mirdit\u00ebs kan\u00eb dal\u00eb k\u00ebt\u00eb t\u00eb mart\u00eb n\u00eb protest\u00eb n\u00eb qend\u00ebr t\u00eb Rr\u00ebshenit duke kund\u00ebrshtuar me vendosm\u00ebri nd\u00ebrtimin e HEC-ve.<\/p>\n<p>Me pankarta e thirrje t\u00eb ndryshme, qytetar\u00ebt p\u00ebrcoll\u00ebn mesazhe t\u00eb forta n\u00eb mbrojtje t\u00eb natyr\u00ebs teksa apeluan q\u00eb firmat fantazm\u00eb t\u00eb largojn\u00eb duart nga pasurit\u00eb e Mirdit\u00ebs. Banor\u00ebt u tubuan n\u00eb sheshin \u201cAbat Do\u00e7i\u201d dhe n\u00eb pankarta e tyre lexoheshin k\u00ebto mesazhe: \u201cJo HEC-e n\u00eb Mirdit\u00eb!\u201d, \u201cJo shkat\u00ebrrimit t\u00eb lumenjve dhe natyr\u00ebs!\u201d,<\/p>\n<p>N\u00eb protest\u00ebn anti-HEC, mor\u00ebn pjes\u00eb qytetar\u00eb dhe banor\u00eb nga t\u00eb gjitha fshatrat si; Kurbneshi, Selita, Fani, Oroshi dhe Ka\u00e7inari, zona k\u00ebto q\u00eb preken drejtp\u00ebrdrejt nga HEC-et e parashikuara p\u00ebr t\u2019u nd\u00ebrtuar.<\/p>\n<p>&nbsp;<\/p>\n","protected":false},"excerpt":{"rendered":"<p>Banor\u00ebt e Mirdit\u00ebs kan\u00eb dal\u00eb k\u00ebt\u00eb t\u00eb mart\u00eb n\u00eb protest\u00eb n\u00eb qend\u00ebr t\u00eb Rr\u00ebshenit duke kund\u00ebrshtuar me vendosm\u00ebri nd\u00ebrtimin e HEC-ve. Me pankarta e thirrje t\u00eb ndryshme, qytetar\u00ebt p\u00ebrcoll\u00ebn mesazhe t\u00eb forta n\u00eb mbrojtje t\u00eb natyr\u00ebs teksa apeluan q\u00eb firmat fantazm\u00eb t\u00eb largojn\u00eb duart nga pasurit\u00eb e Mirdit\u00ebs. Banor\u00ebt u tubuan n\u00eb sheshin \u201cAbat Do\u00e7i\u201d [&hellip;]<\/p>\n","protected":false},"author":2013,"featured_media":80599,"comment_status":"open","ping_status":"closed","sticky":false,"template":"","format":"standard","meta":{"footnotes":""},"categories":[241,235],"tags":[],"class_list":{"0":"post-80598","1":"post","2":"type-post","3":"status-publish","4":"format-standard","5":"has-post-thumbnail","7":"category-aktualitet","8":"category-vendi"},"_links":{"self":[{"href":"https:\/\/zjarr.tv\/sq\/wp-json\/wp\/v2\/posts\/80598","targetHints":{"allow":["GET"]}}],"collection":[{"href":"https:\/\/zjarr.tv\/sq\/wp-json\/wp\/v2\/posts"}],"about":[{"href":"https:\/\/zjarr.tv\/sq\/wp-json\/wp\/v2\/types\/post"}],"author":[{"embeddable":true,"href":"https:\/\/zjarr.tv\/sq\/wp-json\/wp\/v2\/users\/2013"}],"replies":[{"embeddable":true,"href":"https:\/\/zjarr.tv\/sq\/wp-json\/wp\/v2\/comments?post=80598"}],"version-history":[{"count":0,"href":"https:\/\/zjarr.tv\/sq\/wp-json\/wp\/v2\/posts\/80598\/revisions"}],"wp:featuredmedia":[{"embeddable":true,"href":"https:\/\/zjarr.tv\/sq\/wp-json\/wp\/v2\/media\/80599"}],"wp:attachment":[{"href":"https:\/\/zjarr.tv\/sq\/wp-json\/wp\/v2\/media?parent=80598"}],"wp:term":[{"taxonomy":"category","embeddable":true,"href":"https:\/\/zjarr.tv\/sq\/wp-json\/wp\/v2\/categories?post=80598"},{"taxonomy":"post_tag","embeddable":true,"href":"https:\/\/zjarr.tv\/sq\/wp-json\/wp\/v2\/tags?post=80598"}],"curies":[{"name":"wp","href":"https:\/\/api.w.org\/{rel}","templated":true}]}}