{"id":80601,"date":"2019-04-23T14:25:14","date_gmt":"2019-04-23T12:25:14","guid":{"rendered":"https:\/\/zjarr.tv\/?p=80601"},"modified":"2019-04-23T14:25:14","modified_gmt":"2019-04-23T12:25:14","slug":"sejko-nje-situate-destabilizimi-ndikon-ne-investimet-e-huaja","status":"publish","type":"post","link":"https:\/\/zjarr.tv\/sq\/sejko-nje-situate-destabilizimi-ndikon-ne-investimet-e-huaja\/","title":{"rendered":"Sejko: Nj\u00eb situat\u00eb destabilizimi ndikon n\u00eb investimet e huaja"},"content":{"rendered":"<p>Nd\u00ebrsa prezantoi n\u00eb Komisionin e Ekonomis\u00eb, raportin e vitit 2018 t\u00eb Bank\u00ebs s\u00eb Shqip\u00ebris\u00eb, guvernatori Gent Sejko iu p\u00ebrgjigj interesit t\u00eb deputet\u00ebve t\u00eb pranish\u00ebm, lidhur me ndikimin q\u00eb mund t\u00eb sjell\u00eb n\u00eb ekonomi, kriza politike n\u00eb vend.<\/p>\n<p>Pyetjes s\u00eb deputetes Evis Kushi, lidhur me protestat q\u00eb po zhvillon prej koh\u00ebsh opozita e bashkuar dhe ndikimin e saj n\u00eb sektor\u00eb t\u00eb ndrysh\u00ebm t\u00eb ekonomis\u00eb, Sejko tha se nj\u00eb situat\u00eb destabilizimi do t\u00eb ndikonte n\u00eb investimet e huaja direkte.<\/p>\n<p>\u201cN\u00eb analizat tona nj\u00eb situat\u00eb destabilizimi do t\u00eb ndikonte n\u00eb investimet e huaja direkte po ashtu dhe konsumi do t\u00eb ishte i ndikuar pasi dhe ai \u00ebsht\u00eb sensitiv. Praktikisht nga vrojtimet q\u00eb kemi b\u00ebr\u00eb, ne nuk kemi nj\u00eb perceptim thell\u00ebsisht negativ. Situata politike \u00ebsht\u00eb destabilizuar n\u00eb shum\u00eb vende t\u00eb eurozon\u00ebs.\u201d \u2013 u shpreh Guverantori Sejko.<\/p>\n<p>&nbsp;<\/p>\n","protected":false},"excerpt":{"rendered":"<p>Nd\u00ebrsa prezantoi n\u00eb Komisionin e Ekonomis\u00eb, raportin e vitit 2018 t\u00eb Bank\u00ebs s\u00eb Shqip\u00ebris\u00eb, guvernatori Gent Sejko iu p\u00ebrgjigj interesit t\u00eb deputet\u00ebve t\u00eb pranish\u00ebm, lidhur me ndikimin q\u00eb mund t\u00eb sjell\u00eb n\u00eb ekonomi, kriza politike n\u00eb vend. Pyetjes s\u00eb deputetes Evis Kushi, lidhur me protestat q\u00eb po zhvillon prej koh\u00ebsh opozita e bashkuar dhe ndikimin [&hellip;]<\/p>\n","protected":false},"author":2013,"featured_media":75964,"comment_status":"open","ping_status":"closed","sticky":false,"template":"","format":"standard","meta":{"footnotes":""},"categories":[241,235],"tags":[],"class_list":{"0":"post-80601","1":"post","2":"type-post","3":"status-publish","4":"format-standard","5":"has-post-thumbnail","7":"category-aktualitet","8":"category-vendi"},"_links":{"self":[{"href":"https:\/\/zjarr.tv\/sq\/wp-json\/wp\/v2\/posts\/80601","targetHints":{"allow":["GET"]}}],"collection":[{"href":"https:\/\/zjarr.tv\/sq\/wp-json\/wp\/v2\/posts"}],"about":[{"href":"https:\/\/zjarr.tv\/sq\/wp-json\/wp\/v2\/types\/post"}],"author":[{"embeddable":true,"href":"https:\/\/zjarr.tv\/sq\/wp-json\/wp\/v2\/users\/2013"}],"replies":[{"embeddable":true,"href":"https:\/\/zjarr.tv\/sq\/wp-json\/wp\/v2\/comments?post=80601"}],"version-history":[{"count":0,"href":"https:\/\/zjarr.tv\/sq\/wp-json\/wp\/v2\/posts\/80601\/revisions"}],"wp:featuredmedia":[{"embeddable":true,"href":"https:\/\/zjarr.tv\/sq\/wp-json\/wp\/v2\/media\/75964"}],"wp:attachment":[{"href":"https:\/\/zjarr.tv\/sq\/wp-json\/wp\/v2\/media?parent=80601"}],"wp:term":[{"taxonomy":"category","embeddable":true,"href":"https:\/\/zjarr.tv\/sq\/wp-json\/wp\/v2\/categories?post=80601"},{"taxonomy":"post_tag","embeddable":true,"href":"https:\/\/zjarr.tv\/sq\/wp-json\/wp\/v2\/tags?post=80601"}],"curies":[{"name":"wp","href":"https:\/\/api.w.org\/{rel}","templated":true}]}}