{"id":80608,"date":"2019-04-23T14:32:12","date_gmt":"2019-04-23T12:32:12","guid":{"rendered":"https:\/\/zjarr.tv\/?p=80608"},"modified":"2019-04-23T14:32:12","modified_gmt":"2019-04-23T12:32:12","slug":"zgjedhjet-ne-maqedonine-e-veriut-flasin-vezhguesit-nderkombetare","status":"publish","type":"post","link":"https:\/\/zjarr.tv\/sq\/zgjedhjet-ne-maqedonine-e-veriut-flasin-vezhguesit-nderkombetare\/","title":{"rendered":"Zgjedhjet n\u00eb Maqedonin\u00eb e Veriut, flasin v\u00ebzhguesit nd\u00ebrkomb\u00ebtar\u00eb"},"content":{"rendered":"<p>V\u00ebzhguesit nd\u00ebrkomb\u00ebtar\u00eb konstatuan se dita e zgjedhjeve presidenciale dje n\u00eb Maqedonin\u00eb e Veriut ishte e qet\u00eb, transparente dhe n\u00eb p\u00ebrgjith\u00ebsi e zhvilluar n\u00eb m\u00ebnyr\u00eb pozitive. Por ata vrejt\u00ebn nga ana tjet\u00ebr, disa probleme teknike, t\u00eb cilat nuk i theksuan aq sa p\u00ebr t\u2019i dh\u00ebn\u00eb nj\u00eb imazh jo t\u00eb mir\u00eb procesit.<\/p>\n<p>V\u00ebzhguesit vun\u00eb n\u00eb dukje lirit\u00eb e kandidat\u00ebve dhe t\u00eb votuesve dhe pun\u00ebn kryesisht t\u00eb mir\u00eb t\u00eb medias n\u00eb fushat\u00eb. Ata lan\u00eb t\u00eb kuptohohej se zgjedhjet ishin t\u00eb administruara mir\u00eb. Shefja e Misionit t\u00eb ODIHR-it, Korien Jonker tha se procesi tregoi se sa shum\u00eb mund t\u00eb arrihet kur ekziston vullneti i v\u00ebret\u00eb politik.<\/p>\n<p>\u201c\u00cbsht\u00eb mir\u00eb t\u00eb shikohet atmosefra e qet\u00eb n\u00eb k\u00ebto zgjedhje dhe procesi n\u00eb p\u00ebrgjith\u00ebsi q\u00eb Maqedonia e Veriut e realizoi n\u00eb zgjedhje\u201d, tha ajo.<\/p>\n<p>Nd\u00ebrkoh\u00eb, shefja e misionit t\u00eb v\u00ebzhguesve t\u00eb OSBE-s\u00eb Sereine Mauborgne tha se mosfuknksionimi teknik i sistemit t\u00eb teknologjis\u00eb informatike t\u00eb Komisionit Shtet\u00ebror t\u00eb Zgjedhjeve paraqet nj\u00eb \u00e7\u00ebshtje p\u00ebr sigurin\u00eb e teknologjis\u00eb informatike, nd\u00ebrsa n\u00ebnvizoi r\u00ebnd\u00ebsin\u00eb e zhvillimit t\u00eb lir\u00eb t\u00eb fushat\u00ebs nga kandidat\u00ebt.<\/p>\n<p>V\u00ebzhguesit vler\u00ebsojn\u00eb se transmetuesi publik u ka siguruar mbulim t\u00eb paansh\u00ebm t\u00eb kandidat\u00ebve dhe media p\u00ebrgjith\u00ebsisht ka paraqitur nj\u00eb shum\u00ebllojshm\u00ebri t\u00eb informatave p\u00ebr konkurent\u00ebt p\u00ebr president.<\/p>\n<p>Nd\u00ebrkoh\u00eb, pati v\u00ebrejtje p\u00ebr p\u00ebrjashtimin automatik t\u00eb votuesve n\u00eb baz\u00eb t\u00eb vlefshm\u00ebris\u00eb s\u00eb dokumenteve t\u00eb tyre gj\u00eb q\u00eb pengoi ushtrimin e t\u00eb drejt\u00ebs s\u00eb vot\u00ebs p\u00ebr 11 mij\u00eb qytetar\u00eb. V\u00ebzhguesit nd\u00ebrkomb\u00ebtar\u00eb do t\u00eb mbik\u00ebqyrin nga af\u00ebr edhe balotazhin e 5 majit.<\/p>\n<p>&nbsp;<\/p>\n","protected":false},"excerpt":{"rendered":"<p>V\u00ebzhguesit nd\u00ebrkomb\u00ebtar\u00eb konstatuan se dita e zgjedhjeve presidenciale dje n\u00eb Maqedonin\u00eb e Veriut ishte e qet\u00eb, transparente dhe n\u00eb p\u00ebrgjith\u00ebsi e zhvilluar n\u00eb m\u00ebnyr\u00eb pozitive. Por ata vrejt\u00ebn nga ana tjet\u00ebr, disa probleme teknike, t\u00eb cilat nuk i theksuan aq sa p\u00ebr t\u2019i dh\u00ebn\u00eb nj\u00eb imazh jo t\u00eb mir\u00eb procesit. V\u00ebzhguesit vun\u00eb n\u00eb dukje lirit\u00eb [&hellip;]<\/p>\n","protected":false},"author":2013,"featured_media":0,"comment_status":"open","ping_status":"closed","sticky":false,"template":"","format":"standard","meta":{"footnotes":""},"categories":[241,2],"tags":[],"class_list":{"0":"post-80608","1":"post","2":"type-post","3":"status-publish","4":"format-standard","6":"category-aktualitet","7":"category-rajoni"},"_links":{"self":[{"href":"https:\/\/zjarr.tv\/sq\/wp-json\/wp\/v2\/posts\/80608","targetHints":{"allow":["GET"]}}],"collection":[{"href":"https:\/\/zjarr.tv\/sq\/wp-json\/wp\/v2\/posts"}],"about":[{"href":"https:\/\/zjarr.tv\/sq\/wp-json\/wp\/v2\/types\/post"}],"author":[{"embeddable":true,"href":"https:\/\/zjarr.tv\/sq\/wp-json\/wp\/v2\/users\/2013"}],"replies":[{"embeddable":true,"href":"https:\/\/zjarr.tv\/sq\/wp-json\/wp\/v2\/comments?post=80608"}],"version-history":[{"count":0,"href":"https:\/\/zjarr.tv\/sq\/wp-json\/wp\/v2\/posts\/80608\/revisions"}],"wp:attachment":[{"href":"https:\/\/zjarr.tv\/sq\/wp-json\/wp\/v2\/media?parent=80608"}],"wp:term":[{"taxonomy":"category","embeddable":true,"href":"https:\/\/zjarr.tv\/sq\/wp-json\/wp\/v2\/categories?post=80608"},{"taxonomy":"post_tag","embeddable":true,"href":"https:\/\/zjarr.tv\/sq\/wp-json\/wp\/v2\/tags?post=80608"}],"curies":[{"name":"wp","href":"https:\/\/api.w.org\/{rel}","templated":true}]}}