{"id":80610,"date":"2019-04-23T14:44:09","date_gmt":"2019-04-23T12:44:09","guid":{"rendered":"https:\/\/zjarr.tv\/?p=80610"},"modified":"2019-04-23T14:44:09","modified_gmt":"2019-04-23T12:44:09","slug":"mjeket-e-elbasanit-arrestimi-i-dy-kolegeve-jo-i-drejte","status":"publish","type":"post","link":"https:\/\/zjarr.tv\/sq\/mjeket-e-elbasanit-arrestimi-i-dy-kolegeve-jo-i-drejte\/","title":{"rendered":"Mjek\u00ebt e Elbasanit: Arrestimi i dy koleg\u00ebve jo i drejt\u00eb"},"content":{"rendered":"<p>Bluzat e bardha t\u00eb spitalit t\u00eb Elbasanit kan\u00eb reaguar\u00a0<a href=\"http:\/\/oranews.tv\/article\/vdekja-e-25-vjecares-ne-elbasan-shoqerohen-dy-mjeke\">pas arrestimit t\u00eb dy mjekt\u00ebve\u00a0<\/a>p\u00ebr vdekjen e 25-vje\u00e7ares nj\u00eb dit\u00eb m\u00eb parq\u00eb. Duke i shprehur ngush\u00ebllime familjes, mjek\u00ebt thon\u00eb se arrestimi i koleg\u00ebve t\u00eb tyre \u00ebsht\u00eb e papranueshme.<\/p>\n<p><em>&#8220;Ende nuk \u00ebsht\u00eb v\u00ebrtetuar faj\u00ebsia e koleg\u00ebve tan\u00eb&#8221;,<\/em>\u00a0jan\u00eb shprehur mej\u00ebt.<\/p>\n<p>Ata k\u00ebrkojm\u00eb q\u00eb Parlamenti t\u00eb nd\u00ebrhyj\u00eb me ligj p\u00ebr mbrojtjen e mjek\u00ebve.<\/p>\n<p><em>&#8220;Jemi dhunuar nga qytetar\u00ebt, tashme ndjehemi t\u00eb dhunuar dhe nga Policia&#8221;,<\/em>\u00a0thon\u00eb bluzat e bardha.<\/p>\n<p>&nbsp;<\/p>\n","protected":false},"excerpt":{"rendered":"<p>Bluzat e bardha t\u00eb spitalit t\u00eb Elbasanit kan\u00eb reaguar\u00a0pas arrestimit t\u00eb dy mjekt\u00ebve\u00a0p\u00ebr vdekjen e 25-vje\u00e7ares nj\u00eb dit\u00eb m\u00eb parq\u00eb. Duke i shprehur ngush\u00ebllime familjes, mjek\u00ebt thon\u00eb se arrestimi i koleg\u00ebve t\u00eb tyre \u00ebsht\u00eb e papranueshme. &#8220;Ende nuk \u00ebsht\u00eb v\u00ebrtetuar faj\u00ebsia e koleg\u00ebve tan\u00eb&#8221;,\u00a0jan\u00eb shprehur mej\u00ebt. Ata k\u00ebrkojm\u00eb q\u00eb Parlamenti t\u00eb nd\u00ebrhyj\u00eb me ligj p\u00ebr [&hellip;]<\/p>\n","protected":false},"author":2013,"featured_media":80454,"comment_status":"open","ping_status":"closed","sticky":false,"template":"","format":"standard","meta":{"footnotes":""},"categories":[241,235],"tags":[],"class_list":{"0":"post-80610","1":"post","2":"type-post","3":"status-publish","4":"format-standard","5":"has-post-thumbnail","7":"category-aktualitet","8":"category-vendi"},"_links":{"self":[{"href":"https:\/\/zjarr.tv\/sq\/wp-json\/wp\/v2\/posts\/80610","targetHints":{"allow":["GET"]}}],"collection":[{"href":"https:\/\/zjarr.tv\/sq\/wp-json\/wp\/v2\/posts"}],"about":[{"href":"https:\/\/zjarr.tv\/sq\/wp-json\/wp\/v2\/types\/post"}],"author":[{"embeddable":true,"href":"https:\/\/zjarr.tv\/sq\/wp-json\/wp\/v2\/users\/2013"}],"replies":[{"embeddable":true,"href":"https:\/\/zjarr.tv\/sq\/wp-json\/wp\/v2\/comments?post=80610"}],"version-history":[{"count":0,"href":"https:\/\/zjarr.tv\/sq\/wp-json\/wp\/v2\/posts\/80610\/revisions"}],"wp:featuredmedia":[{"embeddable":true,"href":"https:\/\/zjarr.tv\/sq\/wp-json\/wp\/v2\/media\/80454"}],"wp:attachment":[{"href":"https:\/\/zjarr.tv\/sq\/wp-json\/wp\/v2\/media?parent=80610"}],"wp:term":[{"taxonomy":"category","embeddable":true,"href":"https:\/\/zjarr.tv\/sq\/wp-json\/wp\/v2\/categories?post=80610"},{"taxonomy":"post_tag","embeddable":true,"href":"https:\/\/zjarr.tv\/sq\/wp-json\/wp\/v2\/tags?post=80610"}],"curies":[{"name":"wp","href":"https:\/\/api.w.org\/{rel}","templated":true}]}}