{"id":80614,"date":"2019-04-23T14:48:42","date_gmt":"2019-04-23T12:48:42","guid":{"rendered":"https:\/\/zjarr.tv\/?p=80614"},"modified":"2019-04-23T14:48:42","modified_gmt":"2019-04-23T12:48:42","slug":"dita-e-librit-kryeministri-rama-lexon-vargjet-e-ismail-kadarese","status":"publish","type":"post","link":"https:\/\/zjarr.tv\/sq\/dita-e-librit-kryeministri-rama-lexon-vargjet-e-ismail-kadarese\/","title":{"rendered":"Dita e Librit\/ Kryeministri Rama lexon vargjet e Ismail Kadares\u00eb"},"content":{"rendered":"<p>Kryeministri Edi Rama n\u00eb Dit\u00ebn Nd\u00ebrkomb\u00ebtare t\u00eb Librit dhe t\u00eb Drejtave Autoriale ka lexuar nj\u00eb pjes\u00eb nga nj\u00eb p\u00ebrmbledhjet e eseve dhe sh\u00ebnimeve autobiografike t\u00eb shkrimtarit, Ismail Kadares\u00eb, \u201cM\u00ebngjeset n\u00eb Kafe Rostand\u201d, kushtuar kryeqytetit t\u00eb Franc\u00ebs, Parisit.<\/p>\n<p>I rrethuar nga nj\u00eb grup nx\u00ebn\u00ebsish, shefi i qeveris\u00eb p\u00ebrmes leximit t\u00eb sh\u00ebnimeve t\u00eb shkrimtarit t\u00eb madh p\u00ebrcolli mesazhin q\u00eb leximi \u00ebsht\u00eb dhe do ngelet ushqim shpirt\u00ebror p\u00ebr t\u00eb gjith\u00eb njer\u00ebzit.<\/p>\n<p>\u201cLEXO ME MUA \u2013 Maratona e leximit n\u00eb COD n\u00eb Dit\u00ebn Nd\u00ebrkomb\u00ebtare t\u00eb Librit\u201d, shkruan Rama n\u00eb \u201cFacebook\u201d.<\/p>\n<p>\u201cNuk \u00ebsht\u00eb nga librat e r\u00ebnd\u00eb t\u00eb Ismail Kadares\u00eb, q\u00eb k\u00ebrkojn\u00eb angazhim gati gati special p\u00ebr t\u2019u d\u00ebgjuar nga fillimi deri n\u00eb fund, por \u00ebsht\u00eb nj\u00eb p\u00ebrmbledhje e nj\u00eb s\u00ebr\u00eb reflektimesh t\u00eb tij, q\u00eb n\u00eb t\u00ebr\u00ebsin\u00eb e tyre t\u00eb japin k\u00ebnaq\u00ebsin\u00eb e v\u00ebrtet\u00eb e t\u00eb qenit lexues librash\u201d- tha mes tjerash Rama, teksa ftoi t\u00eb rinjt\u00eb q\u00eb t\u00eb lexojn\u00eb pjes\u00eb nga libri i shkrimtarit shqiptar me fam\u00eb bot\u00ebrore.<\/p>\n<p>&nbsp;<\/p>\n","protected":false},"excerpt":{"rendered":"<p>Kryeministri Edi Rama n\u00eb Dit\u00ebn Nd\u00ebrkomb\u00ebtare t\u00eb Librit dhe t\u00eb Drejtave Autoriale ka lexuar nj\u00eb pjes\u00eb nga nj\u00eb p\u00ebrmbledhjet e eseve dhe sh\u00ebnimeve autobiografike t\u00eb shkrimtarit, Ismail Kadares\u00eb, \u201cM\u00ebngjeset n\u00eb Kafe Rostand\u201d, kushtuar kryeqytetit t\u00eb Franc\u00ebs, Parisit. I rrethuar nga nj\u00eb grup nx\u00ebn\u00ebsish, shefi i qeveris\u00eb p\u00ebrmes leximit t\u00eb sh\u00ebnimeve t\u00eb shkrimtarit t\u00eb madh p\u00ebrcolli [&hellip;]<\/p>\n","protected":false},"author":2013,"featured_media":69859,"comment_status":"open","ping_status":"closed","sticky":false,"template":"","format":"standard","meta":{"footnotes":""},"categories":[241,235],"tags":[],"class_list":{"0":"post-80614","1":"post","2":"type-post","3":"status-publish","4":"format-standard","5":"has-post-thumbnail","7":"category-aktualitet","8":"category-vendi"},"_links":{"self":[{"href":"https:\/\/zjarr.tv\/sq\/wp-json\/wp\/v2\/posts\/80614","targetHints":{"allow":["GET"]}}],"collection":[{"href":"https:\/\/zjarr.tv\/sq\/wp-json\/wp\/v2\/posts"}],"about":[{"href":"https:\/\/zjarr.tv\/sq\/wp-json\/wp\/v2\/types\/post"}],"author":[{"embeddable":true,"href":"https:\/\/zjarr.tv\/sq\/wp-json\/wp\/v2\/users\/2013"}],"replies":[{"embeddable":true,"href":"https:\/\/zjarr.tv\/sq\/wp-json\/wp\/v2\/comments?post=80614"}],"version-history":[{"count":0,"href":"https:\/\/zjarr.tv\/sq\/wp-json\/wp\/v2\/posts\/80614\/revisions"}],"wp:featuredmedia":[{"embeddable":true,"href":"https:\/\/zjarr.tv\/sq\/wp-json\/wp\/v2\/media\/69859"}],"wp:attachment":[{"href":"https:\/\/zjarr.tv\/sq\/wp-json\/wp\/v2\/media?parent=80614"}],"wp:term":[{"taxonomy":"category","embeddable":true,"href":"https:\/\/zjarr.tv\/sq\/wp-json\/wp\/v2\/categories?post=80614"},{"taxonomy":"post_tag","embeddable":true,"href":"https:\/\/zjarr.tv\/sq\/wp-json\/wp\/v2\/tags?post=80614"}],"curies":[{"name":"wp","href":"https:\/\/api.w.org\/{rel}","templated":true}]}}