{"id":80676,"date":"2019-04-23T15:54:16","date_gmt":"2019-04-23T13:54:16","guid":{"rendered":"https:\/\/zjarr.tv\/?p=80676"},"modified":"2019-04-23T15:54:16","modified_gmt":"2019-04-23T13:54:16","slug":"te-rinjte-e-frpd-surprize-blendi-klosit","status":"publish","type":"post","link":"https:\/\/zjarr.tv\/sq\/te-rinjte-e-frpd-surprize-blendi-klosit\/","title":{"rendered":"T\u00eb rinjt\u00eb e FRPD surpriz\u00eb Blendi Klosit"},"content":{"rendered":"<p>T\u00eb rinjt\u00eb e FRPD kan\u00eb \u2018surprizuar\u2019 sot ministrin e Turizmit dhe Mjedisit, k\u00ebt\u00eb m\u00ebngjes para se ai t\u00eb hyj\u00eb n\u00eb zyr\u00ebn e tij. Ata i kan\u00eb k\u00ebrkuar t\u00eb shohin nj\u00eb hart\u00eb q\u00eb sipas tyre simbolizon \u2018sukseset\u2019 n\u00eb fush\u00ebn e turizmit.<\/p>\n<p>\u2018Surpriza e sotme q\u00eb ju b\u00eb Ministrit Blendi Klosi p\u00ebr \u2018sukseset\u2019 e tij n\u00eb fush\u00ebn e turizmit dhe kthimin e Shqip\u00ebris\u00eb n\u00eb Republik\u00eb Kanabisi\u2019, shkruan kreu i FRPD, Belind K\u00eblli\u00e7i n\u00eb rrjetet sociale, ndjesa poston videon nga momenti kur ministri Klosi p\u00ebrballet me \u2018surpriz\u00ebn\u2019 e t\u00eb rinjve.<\/p>\n<p>&nbsp;<\/p>\n","protected":false},"excerpt":{"rendered":"<p>T\u00eb rinjt\u00eb e FRPD kan\u00eb \u2018surprizuar\u2019 sot ministrin e Turizmit dhe Mjedisit, k\u00ebt\u00eb m\u00ebngjes para se ai t\u00eb hyj\u00eb n\u00eb zyr\u00ebn e tij. Ata i kan\u00eb k\u00ebrkuar t\u00eb shohin nj\u00eb hart\u00eb q\u00eb sipas tyre simbolizon \u2018sukseset\u2019 n\u00eb fush\u00ebn e turizmit. \u2018Surpriza e sotme q\u00eb ju b\u00eb Ministrit Blendi Klosi p\u00ebr \u2018sukseset\u2019 e tij n\u00eb fush\u00ebn [&hellip;]<\/p>\n","protected":false},"author":2013,"featured_media":80677,"comment_status":"open","ping_status":"closed","sticky":false,"template":"","format":"standard","meta":{"footnotes":""},"categories":[241,235],"tags":[],"class_list":{"0":"post-80676","1":"post","2":"type-post","3":"status-publish","4":"format-standard","5":"has-post-thumbnail","7":"category-aktualitet","8":"category-vendi"},"_links":{"self":[{"href":"https:\/\/zjarr.tv\/sq\/wp-json\/wp\/v2\/posts\/80676","targetHints":{"allow":["GET"]}}],"collection":[{"href":"https:\/\/zjarr.tv\/sq\/wp-json\/wp\/v2\/posts"}],"about":[{"href":"https:\/\/zjarr.tv\/sq\/wp-json\/wp\/v2\/types\/post"}],"author":[{"embeddable":true,"href":"https:\/\/zjarr.tv\/sq\/wp-json\/wp\/v2\/users\/2013"}],"replies":[{"embeddable":true,"href":"https:\/\/zjarr.tv\/sq\/wp-json\/wp\/v2\/comments?post=80676"}],"version-history":[{"count":0,"href":"https:\/\/zjarr.tv\/sq\/wp-json\/wp\/v2\/posts\/80676\/revisions"}],"wp:featuredmedia":[{"embeddable":true,"href":"https:\/\/zjarr.tv\/sq\/wp-json\/wp\/v2\/media\/80677"}],"wp:attachment":[{"href":"https:\/\/zjarr.tv\/sq\/wp-json\/wp\/v2\/media?parent=80676"}],"wp:term":[{"taxonomy":"category","embeddable":true,"href":"https:\/\/zjarr.tv\/sq\/wp-json\/wp\/v2\/categories?post=80676"},{"taxonomy":"post_tag","embeddable":true,"href":"https:\/\/zjarr.tv\/sq\/wp-json\/wp\/v2\/tags?post=80676"}],"curies":[{"name":"wp","href":"https:\/\/api.w.org\/{rel}","templated":true}]}}