{"id":80687,"date":"2019-04-23T16:05:50","date_gmt":"2019-04-23T14:05:50","guid":{"rendered":"https:\/\/zjarr.tv\/?p=80687"},"modified":"2019-04-23T16:05:50","modified_gmt":"2019-04-23T14:05:50","slug":"gardisti-ne-kuvend-dhunon-gazetaren-ne-krye-te-detyres","status":"publish","type":"post","link":"https:\/\/zjarr.tv\/sq\/gardisti-ne-kuvend-dhunon-gazetaren-ne-krye-te-detyres\/","title":{"rendered":"Gardisti n\u00eb Kuvend dhunon gazetaren n\u00eb krye t\u00eb detyr\u00ebs"},"content":{"rendered":"<p>Brenda pak dit\u00ebsh p\u00ebrs\u00ebritet nj\u00eb tjet\u00ebr rast dhune n\u00eb Kryesin\u00eb e Kuvendit.<\/p>\n<p>Pas truproj\u00ebs s\u00eb Arta Markut q\u00eb p\u00ebrplasi p\u00ebr muri nj\u00eb gazetar, i cili po tentonte t\u00eb pyeste kryeprokuroren, sot \u00ebsht\u00eb sh\u00ebnuar nj\u00eb tjet\u00ebr incident.<\/p>\n<p>Gazetarja e ekonomis\u00eb n\u00eb Tv Klan, Ola Xama, denoncon me foto punonj\u00ebsin e Gard\u00ebs s\u00eb Republik\u00ebs, i cili sipas saj e ka dhunuar teksa ajo donte t\u00eb pyeste Guvernatorin e Bank\u00ebs s\u00eb Shqip\u00ebris\u00eb p\u00ebr grabitjen n\u00eb Rinas.<\/p>\n<p><strong>Reagimi i plot\u00eb i gazetares Ola Xama:<\/strong><\/p>\n<p><em>Personi qe shihni ne foto eshte punonjes i Gardes se Republikes, i cili sot me ka dhunuar verbalisht dhe fizikisht kur une isha ne krye te detyres time si gazetare, per te ndjekur punimet ne Komisionin e Ekonomise.<\/em><\/p>\n<p><em>Kameramanet dhe me shume se 10 kolege te mi ishim duke pritur jashte, ne korridorin e Kryesise se Kuvendit, per te pyetur guvernatorin e Bankes se Shqiperise lidhur me ngjarjen e grabitjes se Aeroportit te Tiranes. Personi qe shihni ne foto, me kapi forcerisht krahun dhe me terhoqi, kur une nuk e kisha mendjen, me arsyetimin se po pengoja rrugen.<\/em><\/p>\n<p><em>Askush, as policia, as Garda e Republikes, as Kryetaru i Kuvendit, nuk ka te drejte te preke askend me dore, dhe jo me te dhunoje! Ai mund te me kerkoje me miresjellje te largohem, por jo te me preke me dore!<\/em><\/p>\n<p><em>Personi ne foto nuk me kerkoi te largohesha, thjesht me terhoqi nga krahu duke me shtrenguar fort dhe duke me shkaktuar dhimbje, e pasi i thashe qe nuk te drejte te me prekesh me dore, por nese te kam penguar punen mund te me thuash te largohem, filloi te uleriste. U desh nderhyjra e disa kolegeve te mi, qe ai te pushonte.<\/em><\/p>\n<p><em>Une nuk dua qe te viktimizohem me keto qe po shkruaj, por kam vendosur qe sot, qe te publikoj cdo pengese qe na krijohet ne profesionin tone, me shpresen se nese gjerat thuhen, do te kete zgjidhje dhe parandalim per ngjarje qe mund t\u2019i ndodhin dikujt tjeter!<\/em><\/p>\n<p><em>Kjo eshte hera e dyte qe perseritet nje episod i tille me mua, po ne ambientet e Kryesise se Kuvendit, por heren e pare nuk e denoncova pasi mendova se ishte rast sporadik, sot e kuptoj qe bera gabim! Nese nuk i themi ngjarjet, do te pasojne te tjetra!<\/em><\/p>\n<p>&nbsp;<\/p>\n<p>&nbsp;<\/p>\n<p>&nbsp;<\/p>\n","protected":false},"excerpt":{"rendered":"<p>Brenda pak dit\u00ebsh p\u00ebrs\u00ebritet nj\u00eb tjet\u00ebr rast dhune n\u00eb Kryesin\u00eb e Kuvendit. Pas truproj\u00ebs s\u00eb Arta Markut q\u00eb p\u00ebrplasi p\u00ebr muri nj\u00eb gazetar, i cili po tentonte t\u00eb pyeste kryeprokuroren, sot \u00ebsht\u00eb sh\u00ebnuar nj\u00eb tjet\u00ebr incident. Gazetarja e ekonomis\u00eb n\u00eb Tv Klan, Ola Xama, denoncon me foto punonj\u00ebsin e Gard\u00ebs s\u00eb Republik\u00ebs, i cili sipas [&hellip;]<\/p>\n","protected":false},"author":2013,"featured_media":80688,"comment_status":"open","ping_status":"closed","sticky":false,"template":"","format":"standard","meta":{"footnotes":""},"categories":[241,235],"tags":[],"class_list":{"0":"post-80687","1":"post","2":"type-post","3":"status-publish","4":"format-standard","5":"has-post-thumbnail","7":"category-aktualitet","8":"category-vendi"},"_links":{"self":[{"href":"https:\/\/zjarr.tv\/sq\/wp-json\/wp\/v2\/posts\/80687","targetHints":{"allow":["GET"]}}],"collection":[{"href":"https:\/\/zjarr.tv\/sq\/wp-json\/wp\/v2\/posts"}],"about":[{"href":"https:\/\/zjarr.tv\/sq\/wp-json\/wp\/v2\/types\/post"}],"author":[{"embeddable":true,"href":"https:\/\/zjarr.tv\/sq\/wp-json\/wp\/v2\/users\/2013"}],"replies":[{"embeddable":true,"href":"https:\/\/zjarr.tv\/sq\/wp-json\/wp\/v2\/comments?post=80687"}],"version-history":[{"count":0,"href":"https:\/\/zjarr.tv\/sq\/wp-json\/wp\/v2\/posts\/80687\/revisions"}],"wp:featuredmedia":[{"embeddable":true,"href":"https:\/\/zjarr.tv\/sq\/wp-json\/wp\/v2\/media\/80688"}],"wp:attachment":[{"href":"https:\/\/zjarr.tv\/sq\/wp-json\/wp\/v2\/media?parent=80687"}],"wp:term":[{"taxonomy":"category","embeddable":true,"href":"https:\/\/zjarr.tv\/sq\/wp-json\/wp\/v2\/categories?post=80687"},{"taxonomy":"post_tag","embeddable":true,"href":"https:\/\/zjarr.tv\/sq\/wp-json\/wp\/v2\/tags?post=80687"}],"curies":[{"name":"wp","href":"https:\/\/api.w.org\/{rel}","templated":true}]}}