{"id":80731,"date":"2019-04-23T17:24:53","date_gmt":"2019-04-23T15:24:53","guid":{"rendered":"https:\/\/zjarr.tv\/?p=80731"},"modified":"2019-04-23T17:24:53","modified_gmt":"2019-04-23T15:24:53","slug":"instat-ne-31-dite-24-persona-humbin-jeten-ne-aksidente","status":"publish","type":"post","link":"https:\/\/zjarr.tv\/sq\/instat-ne-31-dite-24-persona-humbin-jeten-ne-aksidente\/","title":{"rendered":"INSTAT, n\u00eb 31 dit\u00eb 24 persona humbin jet\u00ebn n\u00eb aksidente"},"content":{"rendered":"<p><strong>Gjat\u00eb muajit mars 24 persona kan\u00eb humbur jet\u00ebn n\u00eb aksidente.<\/strong><\/p>\n<p>Sipas t\u00eb dh\u00ebnave t\u00eb INSTAT edhe numri i t\u00eb plaguarve ka qen\u00eb m\u00eb i lart\u00eb krahasuar me t\u00eb nj\u00ebjt\u00ebn periudh\u00eb t\u00eb nj\u00eb vitit m\u00eb par\u00eb. Shkak kryesor p\u00ebr aksidentet vijon t\u00eb mbetet sjellja e drejtuesve t\u00eb mjeteve. Muaji mars ka qen\u00eb i p\u00ebrgjaksh\u00ebm p\u00ebrsa i p\u00ebrket numrit t\u00eb aksidenteve t\u00eb regjistruara n\u00eb vend.<\/p>\n<p><strong>Sipas t\u00eb dh\u00ebnave t\u00eb INSTAT n\u00eb vend jan\u00eb sh\u00ebnuar 10 viktima m\u00eb shum\u00eb krahasuar kjo me nj\u00eb muaj m\u00eb par\u00eb.<\/strong><\/p>\n<p>Numri i t\u00eb vdekurve nga aksidentet rrugore rezulton se \u00ebsht\u00eb 24 persona nga 14 q\u00eb ishte nj\u00eb vit m\u00eb par\u00eb. Nd\u00ebrsa n\u00eb total n\u00eb Mars t\u00eb k\u00ebtij viti num\u00ebrohen 127 aksidente rrugore nga 123 aksidente t\u00eb ndodhura n\u00eb Mars 2018, duke u rritur me 3,3 % krahasuar me t\u00eb nj\u00ebjt\u00ebn periudh\u00eb t\u00eb nj\u00eb viti m\u00eb par\u00eb.<\/p>\n<p>Kryeqyteti mban numrit m\u00eb t\u00eb lart\u00eb t\u00eb aksidenteve t\u00eb sh\u00ebnuara e lidhur kjo edhe me fluksin e lart\u00eb t\u00eb qarkullimit t\u00eb automjeteve e ndjekur nga Durr\u00ebsi, Lezha dhe Fieri. Nd\u00ebrsa p\u00ebrsa i p\u00ebrket numrit t\u00eb viktimave rezulton se n\u00eb Shkod\u00ebr ka pasur m\u00eb shum\u00eb aksidente me pasoj\u00eb vdekje e ndjekur nga Durr\u00ebsi dhe Fieri.<\/p>\n<p><strong>T\u00eb plagosurit<\/strong><\/p>\n<p>Edhe numri i t\u00eb plagosurve ka qen\u00eb m\u00eb i lart\u00eb krahasuar me t\u00eb nj\u00ebjt\u00ebn periudh\u00eb t\u00eb nj\u00eb viti m\u00eb par\u00eb duke u regjistruar 7 persona m\u00eb shum\u00eb.<\/p>\n<p><strong>Shkak p\u00ebr ndodhjen e aksidenteve vijojn\u00eb t\u00eb mbeten sjelljet e drejtuesve t\u00eb mjeteve dhe m\u00eb shqet\u00ebsues \u00ebsht\u00eb fakti q\u00eb mosha e drejtuesve t\u00eb mjeteve t\u00eb p\u00ebrfshira n\u00eb aksident \u00ebsht\u00eb mosha 25 \u201335 vje\u00e7.<\/strong><\/p>\n<p>&nbsp;<\/p>\n","protected":false},"excerpt":{"rendered":"<p>Gjat\u00eb muajit mars 24 persona kan\u00eb humbur jet\u00ebn n\u00eb aksidente. Sipas t\u00eb dh\u00ebnave t\u00eb INSTAT edhe numri i t\u00eb plaguarve ka qen\u00eb m\u00eb i lart\u00eb krahasuar me t\u00eb nj\u00ebjt\u00ebn periudh\u00eb t\u00eb nj\u00eb vitit m\u00eb par\u00eb. Shkak kryesor p\u00ebr aksidentet vijon t\u00eb mbetet sjellja e drejtuesve t\u00eb mjeteve. Muaji mars ka qen\u00eb i p\u00ebrgjaksh\u00ebm p\u00ebrsa i [&hellip;]<\/p>\n","protected":false},"author":2013,"featured_media":68935,"comment_status":"open","ping_status":"closed","sticky":false,"template":"","format":"standard","meta":{"footnotes":""},"categories":[241,235],"tags":[],"class_list":{"0":"post-80731","1":"post","2":"type-post","3":"status-publish","4":"format-standard","5":"has-post-thumbnail","7":"category-aktualitet","8":"category-vendi"},"_links":{"self":[{"href":"https:\/\/zjarr.tv\/sq\/wp-json\/wp\/v2\/posts\/80731","targetHints":{"allow":["GET"]}}],"collection":[{"href":"https:\/\/zjarr.tv\/sq\/wp-json\/wp\/v2\/posts"}],"about":[{"href":"https:\/\/zjarr.tv\/sq\/wp-json\/wp\/v2\/types\/post"}],"author":[{"embeddable":true,"href":"https:\/\/zjarr.tv\/sq\/wp-json\/wp\/v2\/users\/2013"}],"replies":[{"embeddable":true,"href":"https:\/\/zjarr.tv\/sq\/wp-json\/wp\/v2\/comments?post=80731"}],"version-history":[{"count":0,"href":"https:\/\/zjarr.tv\/sq\/wp-json\/wp\/v2\/posts\/80731\/revisions"}],"wp:featuredmedia":[{"embeddable":true,"href":"https:\/\/zjarr.tv\/sq\/wp-json\/wp\/v2\/media\/68935"}],"wp:attachment":[{"href":"https:\/\/zjarr.tv\/sq\/wp-json\/wp\/v2\/media?parent=80731"}],"wp:term":[{"taxonomy":"category","embeddable":true,"href":"https:\/\/zjarr.tv\/sq\/wp-json\/wp\/v2\/categories?post=80731"},{"taxonomy":"post_tag","embeddable":true,"href":"https:\/\/zjarr.tv\/sq\/wp-json\/wp\/v2\/tags?post=80731"}],"curies":[{"name":"wp","href":"https:\/\/api.w.org\/{rel}","templated":true}]}}