{"id":81009,"date":"2019-04-25T13:39:14","date_gmt":"2019-04-25T11:39:14","guid":{"rendered":"https:\/\/zjarr.tv\/?p=81009"},"modified":"2019-04-25T13:39:14","modified_gmt":"2019-04-25T11:39:14","slug":"burrel-fundi-i-arratise-ve-ne-pranga-23-vjecarin","status":"publish","type":"post","link":"https:\/\/zjarr.tv\/sq\/burrel-fundi-i-arratise-ve-ne-pranga-23-vjecarin\/","title":{"rendered":"Burrel, \u201cFundi i arratis\u00eb\u201d v\u00eb n\u00eb pranga 23 vje\u00e7arin"},"content":{"rendered":"<p>Nj\u00eb 23 vje\u00e7ar i shpallur n\u00eb k\u00ebrkim ka r\u00ebn\u00eb n\u00eb prangat e policis\u00eb. Shtetasi me iniciale E.D, banues n\u00eb Klos k\u00ebrkohej prej koh\u00ebsh nga policia si i p\u00ebrfshir\u00eb n\u00eb nj\u00eb konflikt, i akuzuar p\u00ebr \u201cProdhim dhe mbajtje pa leje e armeve luftarake dhe e municonit\u201d, \u201dKanosje\u201d, \u201dPrishje e qet\u00ebsis\u00eb publike\u201d, dhe \u201dPlagosja e leht\u00eb me dashje\u201d.<\/p>\n<p>\u201cFinalizohet operacioni policor \u201cFundi i arratis\u00eb\u201d N\u00eb pranga nj\u00eb 23-vje\u00e7ar i dyshuar p\u00ebr kryerjen e disa veprave penale.<\/p>\n<p>N\u00eb vijim t\u00eb pun\u00ebs p\u00ebr kapjen e personave t\u00eb shpallur n\u00eb k\u00ebrkim si dhe n\u00eb baz\u00eb t\u00eb informacioneve t\u00eb marra n\u00eb rrug\u00eb policore,\u00a0 sh\u00ebrbimet e Komisariatit t\u00eb Policis\u00eb Mat n\u00eb bashk\u00ebpunim me DVP Dib\u00ebr, kan\u00eb organizuar dhe\u00a0 finalizuar me sukses operacionin policor t\u00eb koduar \u201cFundi i arratis\u00eb\u201d, duke b\u00ebr\u00eb t\u00eb mundur lokalizimin dhe\u00a0 kapjen\u00a0 e shtetasit: E.D,\u00a0 23 vje\u00e7,\u00a0 banues n\u00eb Klos.<\/p>\n<p>Ky shtetas me dat\u00eb 30.12.2018, n\u00eb qytetin e Klosit gjat\u00eb nj\u00eb konflikti t\u00eb \u00e7astit,\u00a0 dyshohet se ka q\u00eblluar me arm\u00eb zjarri pistolet\u00eb n\u00eb drejtim t\u00eb shtetasit E.H dhe m\u00eb pas \u00ebsht\u00eb larguar.<\/p>\n<p>P\u00ebr k\u00ebt\u00eb shtetas Prokuroria Pran\u00eb Gjykat\u00ebs s\u00eb Shkall\u00ebs s\u00eb Par\u00eb Mat, ka\u00a0 caktuar mas\u00ebn e siguris\u00eb \u201cArrest n\u00eb burg\u201d, p\u00ebr veprat penale \u201cProdhimi dhe mbajtje pa leje e armeve luftarake dhe e municonit\u201d, \u201dKanosja\u201d, \u201dPrishja e qet\u00ebsis\u00eb publike\u201d, \u201dPlagosja e leht\u00eb me dashje\u201d.<\/p>\n<p>Materialet proceduriale do ti referohen Prokuroris\u00eb p\u00ebr veprime t\u00eb m\u00ebtejshme.\u201d-njofton policia.<\/p>\n","protected":false},"excerpt":{"rendered":"<p>Nj\u00eb 23 vje\u00e7ar i shpallur n\u00eb k\u00ebrkim ka r\u00ebn\u00eb n\u00eb prangat e policis\u00eb. Shtetasi me iniciale E.D, banues n\u00eb Klos k\u00ebrkohej prej koh\u00ebsh nga policia si i p\u00ebrfshir\u00eb n\u00eb nj\u00eb konflikt, i akuzuar p\u00ebr \u201cProdhim dhe mbajtje pa leje e armeve luftarake dhe e municonit\u201d, \u201dKanosje\u201d, \u201dPrishje e qet\u00ebsis\u00eb publike\u201d, dhe \u201dPlagosja e leht\u00eb me [&hellip;]<\/p>\n","protected":false},"author":4,"featured_media":69933,"comment_status":"open","ping_status":"closed","sticky":false,"template":"","format":"standard","meta":{"footnotes":""},"categories":[241,231,235],"tags":[],"class_list":{"0":"post-81009","1":"post","2":"type-post","3":"status-publish","4":"format-standard","5":"has-post-thumbnail","7":"category-aktualitet","8":"category-lajme","9":"category-vendi"},"_links":{"self":[{"href":"https:\/\/zjarr.tv\/sq\/wp-json\/wp\/v2\/posts\/81009","targetHints":{"allow":["GET"]}}],"collection":[{"href":"https:\/\/zjarr.tv\/sq\/wp-json\/wp\/v2\/posts"}],"about":[{"href":"https:\/\/zjarr.tv\/sq\/wp-json\/wp\/v2\/types\/post"}],"author":[{"embeddable":true,"href":"https:\/\/zjarr.tv\/sq\/wp-json\/wp\/v2\/users\/4"}],"replies":[{"embeddable":true,"href":"https:\/\/zjarr.tv\/sq\/wp-json\/wp\/v2\/comments?post=81009"}],"version-history":[{"count":0,"href":"https:\/\/zjarr.tv\/sq\/wp-json\/wp\/v2\/posts\/81009\/revisions"}],"wp:featuredmedia":[{"embeddable":true,"href":"https:\/\/zjarr.tv\/sq\/wp-json\/wp\/v2\/media\/69933"}],"wp:attachment":[{"href":"https:\/\/zjarr.tv\/sq\/wp-json\/wp\/v2\/media?parent=81009"}],"wp:term":[{"taxonomy":"category","embeddable":true,"href":"https:\/\/zjarr.tv\/sq\/wp-json\/wp\/v2\/categories?post=81009"},{"taxonomy":"post_tag","embeddable":true,"href":"https:\/\/zjarr.tv\/sq\/wp-json\/wp\/v2\/tags?post=81009"}],"curies":[{"name":"wp","href":"https:\/\/api.w.org\/{rel}","templated":true}]}}