{"id":81014,"date":"2019-04-26T11:25:17","date_gmt":"2019-04-26T09:25:17","guid":{"rendered":"https:\/\/zjarr.tv\/?p=81014"},"modified":"2019-04-26T11:25:17","modified_gmt":"2019-04-26T09:25:17","slug":"rama-drejt-shkodres-pd-dhe-protestuesit-bllokojne-rrugen-djegin-goma","status":"publish","type":"post","link":"https:\/\/zjarr.tv\/sq\/rama-drejt-shkodres-pd-dhe-protestuesit-bllokojne-rrugen-djegin-goma\/","title":{"rendered":"Rama drejt Shkodr\u00ebs, PD dhe protestuesit bllokojn\u00eb rrug\u00ebn, djegin goma"},"content":{"rendered":"<p>Teksa Kryeministri Edi Rama do t\u00eb jet\u00eb dit\u00ebn e sotme n\u00eb Shkod\u00ebr, p\u00ebrfaq\u00ebsues t\u00eb Partis\u00eb Demokratike dhe mb\u00ebshtet\u00ebs protestues, kan\u00eb bllokuar hyrjen n\u00eb Bah\u00e7all\u00ebk.<\/p>\n<p>Protestuesit kan\u00eb djegur goma makinash dhe kan\u00eb bllokuar rrug\u00ebn, \u00e7ka ka sjell\u00eb nd\u00ebrhyrjen e Forcave t\u00eb Nd\u00ebrhyrjes s\u00eb Shpejt\u00eb.<\/p>\n<p>Gjat\u00eb k\u00ebtyre momenteve ka pasur edhe p\u00ebrplasje fizike mes protestuesve dhe policis\u00eb.<\/p>\n<p>Protestuesit prihen nga ish-deputet\u00ebt demokrat\u00eb Flamur Noka dhe Bardh Spahia.<\/p>\n<p>Dit\u00ebn e sotme kreu i qeveris\u00eb do t\u00eb jet\u00eb n\u00eb Shkod\u00ebr dhe Mal\u00ebsin\u00eb e Madhe n\u00eb kuad\u00ebr t\u00eb takimeve q\u00eb po zhvillon p\u00ebr \u201cBashkia q\u00eb duam\u201d.<\/p>\n","protected":false},"excerpt":{"rendered":"<p>Teksa Kryeministri Edi Rama do t\u00eb jet\u00eb dit\u00ebn e sotme n\u00eb Shkod\u00ebr, p\u00ebrfaq\u00ebsues t\u00eb Partis\u00eb Demokratike dhe mb\u00ebshtet\u00ebs protestues, kan\u00eb bllokuar hyrjen n\u00eb Bah\u00e7all\u00ebk. Protestuesit kan\u00eb djegur goma makinash dhe kan\u00eb bllokuar rrug\u00ebn, \u00e7ka ka sjell\u00eb nd\u00ebrhyrjen e Forcave t\u00eb Nd\u00ebrhyrjes s\u00eb Shpejt\u00eb. Gjat\u00eb k\u00ebtyre momenteve ka pasur edhe p\u00ebrplasje fizike mes protestuesve dhe policis\u00eb. [&hellip;]<\/p>\n","protected":false},"author":4,"featured_media":81015,"comment_status":"open","ping_status":"closed","sticky":false,"template":"","format":"standard","meta":{"footnotes":""},"categories":[241,231,235],"tags":[],"class_list":{"0":"post-81014","1":"post","2":"type-post","3":"status-publish","4":"format-standard","5":"has-post-thumbnail","7":"category-aktualitet","8":"category-lajme","9":"category-vendi"},"_links":{"self":[{"href":"https:\/\/zjarr.tv\/sq\/wp-json\/wp\/v2\/posts\/81014","targetHints":{"allow":["GET"]}}],"collection":[{"href":"https:\/\/zjarr.tv\/sq\/wp-json\/wp\/v2\/posts"}],"about":[{"href":"https:\/\/zjarr.tv\/sq\/wp-json\/wp\/v2\/types\/post"}],"author":[{"embeddable":true,"href":"https:\/\/zjarr.tv\/sq\/wp-json\/wp\/v2\/users\/4"}],"replies":[{"embeddable":true,"href":"https:\/\/zjarr.tv\/sq\/wp-json\/wp\/v2\/comments?post=81014"}],"version-history":[{"count":0,"href":"https:\/\/zjarr.tv\/sq\/wp-json\/wp\/v2\/posts\/81014\/revisions"}],"wp:featuredmedia":[{"embeddable":true,"href":"https:\/\/zjarr.tv\/sq\/wp-json\/wp\/v2\/media\/81015"}],"wp:attachment":[{"href":"https:\/\/zjarr.tv\/sq\/wp-json\/wp\/v2\/media?parent=81014"}],"wp:term":[{"taxonomy":"category","embeddable":true,"href":"https:\/\/zjarr.tv\/sq\/wp-json\/wp\/v2\/categories?post=81014"},{"taxonomy":"post_tag","embeddable":true,"href":"https:\/\/zjarr.tv\/sq\/wp-json\/wp\/v2\/tags?post=81014"}],"curies":[{"name":"wp","href":"https:\/\/api.w.org\/{rel}","templated":true}]}}