{"id":81017,"date":"2019-04-26T11:26:48","date_gmt":"2019-04-26T09:26:48","guid":{"rendered":"https:\/\/zjarr.tv\/?p=81017"},"modified":"2019-04-26T11:26:48","modified_gmt":"2019-04-26T09:26:48","slug":"balla-zgjedhjet-do-te-mbahen-ne-30-qershor-pd-po-humb-funksionalitetin","status":"publish","type":"post","link":"https:\/\/zjarr.tv\/sq\/balla-zgjedhjet-do-te-mbahen-ne-30-qershor-pd-po-humb-funksionalitetin\/","title":{"rendered":"Balla: Zgjedhjet do t\u00eb mbahen n\u00eb 30 qershor! PD po humb funksionalitetin"},"content":{"rendered":"<p>Kreu i grupit parlamentar t\u00eb Partis\u00eb Socialiste, Taulant Balla shpreh bindjen se zgjedhjet lokale do t\u00eb mbahen n\u00eb 30 qershor.<\/p>\n<p>Sipas tij, zgjedhjet jan\u00eb moment shum\u00eb i r\u00ebnd\u00ebsish\u00ebm p\u00ebr ecurin\u00eb e proceseve demokratike n\u00eb vend.<\/p>\n<p>\u201cPopulli do t\u00eb zgjedh\u00eb 61 kryetar\u00ebt e bashkive, p\u00ebrsh\u00ebndes partit\u00eb konkurruese, n\u00eb fund demokracia \u00ebsht\u00eb i vetmi sistem ku partit\u00eb politike ftohen t\u00eb konkurrojn\u00eb. Nj\u00eb parti q\u00eb vendos t\u00eb mos konkurroj\u00eb humbet funksionalitetin\u201d, u shpreh Balla.<\/p>\n<p>Lidhur me ndonj\u00eb plan t\u00eb mundsh\u00ebm p\u00ebr shtyrjen e afatit t\u00eb regjistrimit p\u00ebr Partin\u00eb Demokratike, ai tha se respektimi i afateve dhe ligjit jan\u00eb detyrime t\u00eb \u00e7do force politike dhe kjo gj\u00eb varet nga vet\u00eb drejtuesit e partive.<\/p>\n<p>\u201cAjo q\u00eb u them \u00ebsht\u00eb e qart\u00eb, zgjedhjet do t\u00eb zhvillohen, arsyeja pse PD \u00ebsht\u00eb jasht\u00eb Kuvendit nuk ka t\u00eb b\u00ebj\u00eb aspak me ne, por me faktin q\u00eb Basha nuk do t\u00eb marr\u00eb pjes\u00eb n\u00eb zgjedhje se do pushtet n\u00eb tavolin\u00eb, n\u00eb demokraci nuk ka pushtet n\u00eb tavolin\u00eb\u201d, tha ai.<\/p>\n<p>Deklarata e tij u b\u00eb duke folur sot pas nj\u00eb takimi q\u00eb pati n\u00eb selin\u00eb e PS, me Christian Schmidt, me raporterin p\u00ebr Shqip\u00ebrin\u00eb t\u00eb grupit parlamentar CDU\/CSU.<\/p>\n<p>Balla tha se prej 13 majit fillon nj\u00eb proces diskutimi n\u00eb Bundestagun gjerman lidhur me vendimmarrjen e Komisionit Europian q\u00eb ka t\u00eb b\u00ebj\u00eb me vendimin e fillimit t\u00eb bisedimeve p\u00ebr an\u00ebtar\u00ebsim n\u00eb BE t\u00eb Shqip\u00ebris\u00eb dhe Maqedonis\u00eb s\u00eb Veriut.<\/p>\n<p>\u201cPothuajse n\u00eb t\u00eb gjitha grupet parlamentare ka nj\u00eb shumic\u00eb mb\u00ebshtet\u00ebse inkurajuese p\u00ebr gjith\u00e7ka ka arritur Shqip\u00ebria. Shqip\u00ebria q\u00ebndron m\u00eb mir\u00eb n\u00eb shum\u00eb sektor\u00eb n\u00eb ecurin\u00eb e proceseve integruese, jo vet\u00ebm n\u00eb krahasim me Maqedonin\u00eb por edhe n\u00eb vende n\u00eb proces negociatash, si Mali i Zi e Serbia, me sundimin e ligjit, shtetin e s\u00eb drejt\u00ebs, luft\u00ebn kund\u00ebr korrupsionit q\u00eb lidhen me suksesin e pakthyesh\u00ebm t\u00eb reform\u00ebs n\u00eb drejt\u00ebsi. I kemi t\u00eb gjitha shanset p\u00ebr t\u00eb marr\u00eb sinjal pozitiv p\u00ebr p\u00ebrcaktimin e nj\u00eb date p\u00ebr fillimin e negociatave. Plani A \u00ebsht\u00eb vijimi i reformave p\u00ebr ta \u00e7uar Shqip\u00ebrin\u00eb drejt an\u00ebtar\u00ebsimit n\u00eb BE\u201d, deklaroi Taulant Balla.<\/p>\n","protected":false},"excerpt":{"rendered":"<p>Kreu i grupit parlamentar t\u00eb Partis\u00eb Socialiste, Taulant Balla shpreh bindjen se zgjedhjet lokale do t\u00eb mbahen n\u00eb 30 qershor. Sipas tij, zgjedhjet jan\u00eb moment shum\u00eb i r\u00ebnd\u00ebsish\u00ebm p\u00ebr ecurin\u00eb e proceseve demokratike n\u00eb vend. \u201cPopulli do t\u00eb zgjedh\u00eb 61 kryetar\u00ebt e bashkive, p\u00ebrsh\u00ebndes partit\u00eb konkurruese, n\u00eb fund demokracia \u00ebsht\u00eb i vetmi sistem ku partit\u00eb [&hellip;]<\/p>\n","protected":false},"author":4,"featured_media":61043,"comment_status":"open","ping_status":"closed","sticky":false,"template":"","format":"standard","meta":{"footnotes":""},"categories":[241,231,235],"tags":[],"class_list":{"0":"post-81017","1":"post","2":"type-post","3":"status-publish","4":"format-standard","5":"has-post-thumbnail","7":"category-aktualitet","8":"category-lajme","9":"category-vendi"},"_links":{"self":[{"href":"https:\/\/zjarr.tv\/sq\/wp-json\/wp\/v2\/posts\/81017","targetHints":{"allow":["GET"]}}],"collection":[{"href":"https:\/\/zjarr.tv\/sq\/wp-json\/wp\/v2\/posts"}],"about":[{"href":"https:\/\/zjarr.tv\/sq\/wp-json\/wp\/v2\/types\/post"}],"author":[{"embeddable":true,"href":"https:\/\/zjarr.tv\/sq\/wp-json\/wp\/v2\/users\/4"}],"replies":[{"embeddable":true,"href":"https:\/\/zjarr.tv\/sq\/wp-json\/wp\/v2\/comments?post=81017"}],"version-history":[{"count":0,"href":"https:\/\/zjarr.tv\/sq\/wp-json\/wp\/v2\/posts\/81017\/revisions"}],"wp:featuredmedia":[{"embeddable":true,"href":"https:\/\/zjarr.tv\/sq\/wp-json\/wp\/v2\/media\/61043"}],"wp:attachment":[{"href":"https:\/\/zjarr.tv\/sq\/wp-json\/wp\/v2\/media?parent=81017"}],"wp:term":[{"taxonomy":"category","embeddable":true,"href":"https:\/\/zjarr.tv\/sq\/wp-json\/wp\/v2\/categories?post=81017"},{"taxonomy":"post_tag","embeddable":true,"href":"https:\/\/zjarr.tv\/sq\/wp-json\/wp\/v2\/tags?post=81017"}],"curies":[{"name":"wp","href":"https:\/\/api.w.org\/{rel}","templated":true}]}}