{"id":81246,"date":"2019-04-27T22:10:42","date_gmt":"2019-04-27T20:10:42","guid":{"rendered":"https:\/\/zjarr.tv\/?p=81246"},"modified":"2019-04-27T17:58:40","modified_gmt":"2019-04-27T15:58:40","slug":"nderron-jete-babai-i-emiliano-sala","status":"publish","type":"post","link":"https:\/\/zjarr.tv\/sq\/nderron-jete-babai-i-emiliano-sala\/","title":{"rendered":"Nd\u00ebrron jet\u00eb babai i Emiliano Sala"},"content":{"rendered":"<p>Babai i t\u00eb ndjerit Emiliano Sala, Horacio Sala ka nd\u00ebrruar jet\u00eb, n\u00eb mosh\u00ebn 58 vje\u00e7are. Mediat e huaja b\u00ebjn\u00eb me dije se Horacio, gjeti vdekjen m\u00ebngjesin e k\u00ebsaj t\u00eb premteje n\u00eb Progreso si pasoj\u00eb e nj\u00eb ataku n\u00eb zem\u00ebr.<\/p>\n<p>Julio Muller, kryebashkiaku i Progreso lidhur me vdekjen e babait t\u00eb Emiliano Sala tha:<\/p>\n<p><em>\u201cSot u zgjuam p\u00ebrs\u00ebri me lajme t\u00eb k\u00ebqija n\u00eb Progreso. 2019 ka qen\u00eb shum\u00eb e v\u00ebshtir\u00eb p\u00ebr ne.<\/em><br \/>\n<em>Sot n\u00eb or\u00ebn 5:00, gruaja e Horacio m\u00eb thirri t\u00eb m\u00eb tregonte se Horacio ishte i s\u00ebmur\u00eb. Ai u zgjua duke th\u00ebn\u00eb se kishte shtr\u00ebngime n\u00eb gjoks dhe ajo thirri sh\u00ebrbimet e emergjenc\u00ebs.<\/em><br \/>\n<em>Meq\u00eb jetojm\u00eb 4 blloqe larg, kam ardhur pothuajse menj\u00ebher\u00eb, ambulanca ishte tashm\u00eb atje, por ka nd\u00ebrruar jet\u00eb duke mos i l\u00ebn\u00eb mjek\u00ebt t\u00eb b\u00ebnin asgj\u00eb p\u00ebr t\u00eb.<\/em><br \/>\n<em>Horacio kishte probleme kardiake, por n\u00eb dit\u00ebt e fundit ai kishte qen\u00eb mir\u00eb, k\u00ebshtu q\u00eb kjo \u00ebsht\u00eb v\u00ebrtet trondit\u00ebse.\u201d<\/em><\/p>\n<p>Vet\u00ebm 3 muaj m\u00eb par\u00eb nd\u00ebrroi jet\u00eb Emiliano Sala, pasi avioni me t\u00eb cilin futbollisti ishte duke udh\u00ebtuar u rr\u00ebzua, p\u00ebr shkaqe q\u00eb ende nuk jan\u00eb zbardhur.<\/p>\n<p>&nbsp;<\/p>\n<p>&nbsp;<\/p>\n","protected":false},"excerpt":{"rendered":"<p>Babai i t\u00eb ndjerit Emiliano Sala, Horacio Sala ka nd\u00ebrruar jet\u00eb, n\u00eb mosh\u00ebn 58 vje\u00e7are. Mediat e huaja b\u00ebjn\u00eb me dije se Horacio, gjeti vdekjen m\u00ebngjesin e k\u00ebsaj t\u00eb premteje n\u00eb Progreso si pasoj\u00eb e nj\u00eb ataku n\u00eb zem\u00ebr. Julio Muller, kryebashkiaku i Progreso lidhur me vdekjen e babait t\u00eb Emiliano Sala tha: \u201cSot u [&hellip;]<\/p>\n","protected":false},"author":2013,"featured_media":81247,"comment_status":"open","ping_status":"closed","sticky":false,"template":"","format":"standard","meta":{"footnotes":""},"categories":[241,192],"tags":[],"class_list":{"0":"post-81246","1":"post","2":"type-post","3":"status-publish","4":"format-standard","5":"has-post-thumbnail","7":"category-aktualitet","8":"category-sport"},"_links":{"self":[{"href":"https:\/\/zjarr.tv\/sq\/wp-json\/wp\/v2\/posts\/81246","targetHints":{"allow":["GET"]}}],"collection":[{"href":"https:\/\/zjarr.tv\/sq\/wp-json\/wp\/v2\/posts"}],"about":[{"href":"https:\/\/zjarr.tv\/sq\/wp-json\/wp\/v2\/types\/post"}],"author":[{"embeddable":true,"href":"https:\/\/zjarr.tv\/sq\/wp-json\/wp\/v2\/users\/2013"}],"replies":[{"embeddable":true,"href":"https:\/\/zjarr.tv\/sq\/wp-json\/wp\/v2\/comments?post=81246"}],"version-history":[{"count":0,"href":"https:\/\/zjarr.tv\/sq\/wp-json\/wp\/v2\/posts\/81246\/revisions"}],"wp:featuredmedia":[{"embeddable":true,"href":"https:\/\/zjarr.tv\/sq\/wp-json\/wp\/v2\/media\/81247"}],"wp:attachment":[{"href":"https:\/\/zjarr.tv\/sq\/wp-json\/wp\/v2\/media?parent=81246"}],"wp:term":[{"taxonomy":"category","embeddable":true,"href":"https:\/\/zjarr.tv\/sq\/wp-json\/wp\/v2\/categories?post=81246"},{"taxonomy":"post_tag","embeddable":true,"href":"https:\/\/zjarr.tv\/sq\/wp-json\/wp\/v2\/tags?post=81246"}],"curies":[{"name":"wp","href":"https:\/\/api.w.org\/{rel}","templated":true}]}}