{"id":81255,"date":"2019-04-27T22:40:32","date_gmt":"2019-04-27T20:40:32","guid":{"rendered":"https:\/\/zjarr.tv\/?p=81255"},"modified":"2019-04-27T18:09:24","modified_gmt":"2019-04-27T16:09:24","slug":"putin-tallet-me-presidentin-ukrainas-ende-nuk-eshte-shenjtor","status":"publish","type":"post","link":"https:\/\/zjarr.tv\/sq\/putin-tallet-me-presidentin-ukrainas-ende-nuk-eshte-shenjtor\/","title":{"rendered":"Putin tallet me presidentin ukrainas: Ende nuk \u00ebsht\u00eb shenjtor"},"content":{"rendered":"<p>Presidenti rus Vladimir Putin tha se do donte t\u00eb diskutonte rreth p\u00ebrfundimit t\u00eb konfliktit n\u00eb Donbass me presidentin e zgjedhur t\u00eb Ukrain\u00ebs, Volodimir Zelensky, nd\u00ebrsa nuk kurseu shakat\u00eb rreth kushteve n\u00eb t\u00eb cilat mund t\u00eb takoheshin dy krer\u00ebt.<\/p>\n<p>\u201cVladimir Zelensky ende nuk \u00ebsht\u00eb ngritur n\u00eb rangun e shenjtor\u00ebve, e jo t\u00eb Zotit Per\u00ebndi, dhe un\u00eb me v\u00ebshtir\u00ebsi mund t\u00eb paraqes n\u00eb ndonj\u00eb cil\u00ebsi para tij\u201d, tha Putini \u00a0si p\u00ebrgjigje t\u00eb nj\u00eb pyetjeje rreth asaj q\u00eb do t\u2019i thot\u00eb udh\u00ebheq\u00ebsit t\u00eb ardhsh\u00ebm ukrainas kur t\u00eb shfaqej para tij. Ai tha se ishte i hapur q\u00eb t\u00eb takohej me Zelensky, por q\u00eb t\u00eb dy udh\u00ebheq\u00ebsit\u00a0 duhej s\u00eb pari t\u00eb diskutojn\u00eb rreth m\u00ebnyr\u00ebs se si duhet t\u2019i japin fund konfliktit n\u00eb Ukrain\u00ebn juglindore.<\/p>\n<p>Kujtojm\u00eb q\u00eb raundi i dyt\u00eb i zgjedhjeve presidenciale t\u00eb Ukrain\u00ebs u mbajt m\u00eb 21 prill, ku Zelensky mposhti me zell Petro Poroshenko n\u00eb detyr\u00eb.<\/p>\n<p>Sipas njoftimeve, Zelensky ka shprehur gatishm\u00ebrin\u00eb p\u00ebr t\u00eb takuar homologun e tij rus, por d\u00ebshiron q\u00eb Presidenti francez Emmanuel Macron dhe kancelaria gjermane Angela Merkel t\u00eb bashkohen me diskutimet.<\/p>\n<p>&nbsp;<\/p>\n","protected":false},"excerpt":{"rendered":"<p>Presidenti rus Vladimir Putin tha se do donte t\u00eb diskutonte rreth p\u00ebrfundimit t\u00eb konfliktit n\u00eb Donbass me presidentin e zgjedhur t\u00eb Ukrain\u00ebs, Volodimir Zelensky, nd\u00ebrsa nuk kurseu shakat\u00eb rreth kushteve n\u00eb t\u00eb cilat mund t\u00eb takoheshin dy krer\u00ebt. \u201cVladimir Zelensky ende nuk \u00ebsht\u00eb ngritur n\u00eb rangun e shenjtor\u00ebve, e jo t\u00eb Zotit Per\u00ebndi, dhe un\u00eb [&hellip;]<\/p>\n","protected":false},"author":2013,"featured_media":81256,"comment_status":"open","ping_status":"closed","sticky":false,"template":"","format":"standard","meta":{"footnotes":""},"categories":[241,191],"tags":[],"class_list":{"0":"post-81255","1":"post","2":"type-post","3":"status-publish","4":"format-standard","5":"has-post-thumbnail","7":"category-aktualitet","8":"category-bota"},"_links":{"self":[{"href":"https:\/\/zjarr.tv\/sq\/wp-json\/wp\/v2\/posts\/81255","targetHints":{"allow":["GET"]}}],"collection":[{"href":"https:\/\/zjarr.tv\/sq\/wp-json\/wp\/v2\/posts"}],"about":[{"href":"https:\/\/zjarr.tv\/sq\/wp-json\/wp\/v2\/types\/post"}],"author":[{"embeddable":true,"href":"https:\/\/zjarr.tv\/sq\/wp-json\/wp\/v2\/users\/2013"}],"replies":[{"embeddable":true,"href":"https:\/\/zjarr.tv\/sq\/wp-json\/wp\/v2\/comments?post=81255"}],"version-history":[{"count":0,"href":"https:\/\/zjarr.tv\/sq\/wp-json\/wp\/v2\/posts\/81255\/revisions"}],"wp:featuredmedia":[{"embeddable":true,"href":"https:\/\/zjarr.tv\/sq\/wp-json\/wp\/v2\/media\/81256"}],"wp:attachment":[{"href":"https:\/\/zjarr.tv\/sq\/wp-json\/wp\/v2\/media?parent=81255"}],"wp:term":[{"taxonomy":"category","embeddable":true,"href":"https:\/\/zjarr.tv\/sq\/wp-json\/wp\/v2\/categories?post=81255"},{"taxonomy":"post_tag","embeddable":true,"href":"https:\/\/zjarr.tv\/sq\/wp-json\/wp\/v2\/tags?post=81255"}],"curies":[{"name":"wp","href":"https:\/\/api.w.org\/{rel}","templated":true}]}}