{"id":81268,"date":"2019-04-28T13:09:25","date_gmt":"2019-04-28T11:09:25","guid":{"rendered":"https:\/\/zjarr.tv\/?p=81268"},"modified":"2019-04-28T13:09:25","modified_gmt":"2019-04-28T11:09:25","slug":"basha-uron-besimtaret-ortodokse-gezuar-pashken","status":"publish","type":"post","link":"https:\/\/zjarr.tv\/sq\/basha-uron-besimtaret-ortodokse-gezuar-pashken\/","title":{"rendered":"Basha uron besimtar\u00ebt ortodoks\u00eb \u201cG\u00ebzuar Pashk\u00ebn\u201d"},"content":{"rendered":"<p>Kreu i Partis\u00eb \u00a0Demokratike, Lulzim Basha i uron Pashk\u00ebn t\u00eb gjith\u00eb besimtar\u00ebt ortodoks\u00eb.<\/p>\n<p>Basha p\u00ebrcjell urimet me fraz\u00ebn e lasht\u00eb \u201cKrishti u ngjall!\u201d, \u201cV\u00ebrtet u ngjall!\u201d.<\/p>\n<p><em>\u201cK\u00ebt\u00eb t\u00eb diel\u00eb, teksa besimtar\u00ebt ortodoks\u00eb i drejtohen nj\u00ebri-tjetrit me urimin e lasht\u00eb \u201cKrishti u ngjall!\u201d \u201cV\u00ebrtet u ngjall!\u201d, ju uroj nga zemra secilit prej tyre: t\u00eb dashur miq, v\u00ebllez\u00ebr dhe motra G\u00ebzuar Pashk\u00ebn!\u201d<\/em><\/p>\n<p>Kreu i demokrat\u00ebve e mbyll urimin e tij me bekimin q\u00eb \u201cZoti t\u2019i bekoj\u00eb shqiptar\u00ebt\u201d.<\/p>\n<p><em>\u201cP\u00ebr shum\u00eb vjet g\u00ebzuar k\u00ebt\u00eb fest\u00eb t\u00eb shenjt\u00eb q\u00eb kremton triumfin e jet\u00ebs mbi vdekjen, t\u00eb shpres\u00ebs dhe drit\u00ebs mbi t\u00eb keqen dhe err\u00ebsir\u00ebn, t\u00eb s\u00eb drejt\u00ebs dhe t\u00eb v\u00ebrtet\u00ebs mbi padrejt\u00ebsin\u00eb, bab\u00ebzin\u00eb dhe injoranc\u00ebn!<\/em><\/p>\n<p><em>Zoti i bekoft\u00eb shqiptar\u00ebt! Zoti e bekoft\u00eb Shqip\u00ebrin\u00eb!\u201d<\/em><\/p>\n<p>&nbsp;<\/p>\n","protected":false},"excerpt":{"rendered":"<p>Kreu i Partis\u00eb \u00a0Demokratike, Lulzim Basha i uron Pashk\u00ebn t\u00eb gjith\u00eb besimtar\u00ebt ortodoks\u00eb. Basha p\u00ebrcjell urimet me fraz\u00ebn e lasht\u00eb \u201cKrishti u ngjall!\u201d, \u201cV\u00ebrtet u ngjall!\u201d. \u201cK\u00ebt\u00eb t\u00eb diel\u00eb, teksa besimtar\u00ebt ortodoks\u00eb i drejtohen nj\u00ebri-tjetrit me urimin e lasht\u00eb \u201cKrishti u ngjall!\u201d \u201cV\u00ebrtet u ngjall!\u201d, ju uroj nga zemra secilit prej tyre: t\u00eb dashur miq, [&hellip;]<\/p>\n","protected":false},"author":2013,"featured_media":79183,"comment_status":"open","ping_status":"closed","sticky":false,"template":"","format":"standard","meta":{"footnotes":""},"categories":[241,235],"tags":[],"class_list":{"0":"post-81268","1":"post","2":"type-post","3":"status-publish","4":"format-standard","5":"has-post-thumbnail","7":"category-aktualitet","8":"category-vendi"},"_links":{"self":[{"href":"https:\/\/zjarr.tv\/sq\/wp-json\/wp\/v2\/posts\/81268","targetHints":{"allow":["GET"]}}],"collection":[{"href":"https:\/\/zjarr.tv\/sq\/wp-json\/wp\/v2\/posts"}],"about":[{"href":"https:\/\/zjarr.tv\/sq\/wp-json\/wp\/v2\/types\/post"}],"author":[{"embeddable":true,"href":"https:\/\/zjarr.tv\/sq\/wp-json\/wp\/v2\/users\/2013"}],"replies":[{"embeddable":true,"href":"https:\/\/zjarr.tv\/sq\/wp-json\/wp\/v2\/comments?post=81268"}],"version-history":[{"count":0,"href":"https:\/\/zjarr.tv\/sq\/wp-json\/wp\/v2\/posts\/81268\/revisions"}],"wp:featuredmedia":[{"embeddable":true,"href":"https:\/\/zjarr.tv\/sq\/wp-json\/wp\/v2\/media\/79183"}],"wp:attachment":[{"href":"https:\/\/zjarr.tv\/sq\/wp-json\/wp\/v2\/media?parent=81268"}],"wp:term":[{"taxonomy":"category","embeddable":true,"href":"https:\/\/zjarr.tv\/sq\/wp-json\/wp\/v2\/categories?post=81268"},{"taxonomy":"post_tag","embeddable":true,"href":"https:\/\/zjarr.tv\/sq\/wp-json\/wp\/v2\/tags?post=81268"}],"curies":[{"name":"wp","href":"https:\/\/api.w.org\/{rel}","templated":true}]}}