{"id":81272,"date":"2019-04-28T13:12:05","date_gmt":"2019-04-28T11:12:05","guid":{"rendered":"https:\/\/zjarr.tv\/?p=81272"},"modified":"2019-04-28T13:12:05","modified_gmt":"2019-04-28T11:12:05","slug":"pashket-ne-fier-bejne-bashke-ps-pd-dhe-lsi","status":"publish","type":"post","link":"https:\/\/zjarr.tv\/sq\/pashket-ne-fier-bejne-bashke-ps-pd-dhe-lsi\/","title":{"rendered":"Pashk\u00ebt n\u00eb Fier b\u00ebjn\u00eb bashk\u00eb PS, PD dhe LSI"},"content":{"rendered":"<p>Me rastin e fest\u00ebs s\u00eb Pashk\u00ebve ortodokse n\u00eb kish\u00ebn e Sh\u00ebn Gjergjit n\u00eb Fier kan\u00eb b\u00ebr\u00eb urimet dhe jan\u00eb takuar me imzot At Nikolla, drejtues t\u00eb pushtetit vendor dhe drejtues t\u00eb forcave politike PS, PD dhe LSI. N\u00eb k\u00ebt\u00eb mesazh urimi p\u00ebr sh\u00ebndet, begati e paqe nuk u harruan mesazhet \u00a0p\u00ebr politik\u00ebn.<\/p>\n<p>Ish-deputeti demokrat i Fierit, Luan Ba\u00e7i tha se politika e ketyre 6 viteve \u00ebsht\u00eb politik\u00eb agresive, politik\u00eb e mbrapsht\u00eb dhe ka vepruar n\u00eb t\u00eb keqen e shqiptar\u00ebve. \u00a0 Ish-deputetja e LSI-s\u00eb, Kejdi Mehmetaj thjesht\u00eb uroi t\u00eb gjith\u00eb shqiptar\u00ebt, pa adresuar sulme. Nd\u00ebrsa socialisti Xhevit Bushi n\u00eb k\u00ebt\u00eb mesazh urimi parafolesit e tij i quajti politikan\u00eb t\u00eb rrug\u00ebve .<\/p>\n<p>&nbsp;<\/p>\n","protected":false},"excerpt":{"rendered":"<p>Me rastin e fest\u00ebs s\u00eb Pashk\u00ebve ortodokse n\u00eb kish\u00ebn e Sh\u00ebn Gjergjit n\u00eb Fier kan\u00eb b\u00ebr\u00eb urimet dhe jan\u00eb takuar me imzot At Nikolla, drejtues t\u00eb pushtetit vendor dhe drejtues t\u00eb forcave politike PS, PD dhe LSI. N\u00eb k\u00ebt\u00eb mesazh urimi p\u00ebr sh\u00ebndet, begati e paqe nuk u harruan mesazhet \u00a0p\u00ebr politik\u00ebn. Ish-deputeti demokrat i [&hellip;]<\/p>\n","protected":false},"author":2013,"featured_media":81273,"comment_status":"open","ping_status":"closed","sticky":false,"template":"","format":"standard","meta":{"footnotes":""},"categories":[241,235],"tags":[],"class_list":{"0":"post-81272","1":"post","2":"type-post","3":"status-publish","4":"format-standard","5":"has-post-thumbnail","7":"category-aktualitet","8":"category-vendi"},"_links":{"self":[{"href":"https:\/\/zjarr.tv\/sq\/wp-json\/wp\/v2\/posts\/81272","targetHints":{"allow":["GET"]}}],"collection":[{"href":"https:\/\/zjarr.tv\/sq\/wp-json\/wp\/v2\/posts"}],"about":[{"href":"https:\/\/zjarr.tv\/sq\/wp-json\/wp\/v2\/types\/post"}],"author":[{"embeddable":true,"href":"https:\/\/zjarr.tv\/sq\/wp-json\/wp\/v2\/users\/2013"}],"replies":[{"embeddable":true,"href":"https:\/\/zjarr.tv\/sq\/wp-json\/wp\/v2\/comments?post=81272"}],"version-history":[{"count":0,"href":"https:\/\/zjarr.tv\/sq\/wp-json\/wp\/v2\/posts\/81272\/revisions"}],"wp:featuredmedia":[{"embeddable":true,"href":"https:\/\/zjarr.tv\/sq\/wp-json\/wp\/v2\/media\/81273"}],"wp:attachment":[{"href":"https:\/\/zjarr.tv\/sq\/wp-json\/wp\/v2\/media?parent=81272"}],"wp:term":[{"taxonomy":"category","embeddable":true,"href":"https:\/\/zjarr.tv\/sq\/wp-json\/wp\/v2\/categories?post=81272"},{"taxonomy":"post_tag","embeddable":true,"href":"https:\/\/zjarr.tv\/sq\/wp-json\/wp\/v2\/tags?post=81272"}],"curies":[{"name":"wp","href":"https:\/\/api.w.org\/{rel}","templated":true}]}}