{"id":81278,"date":"2019-04-28T13:15:23","date_gmt":"2019-04-28T11:15:23","guid":{"rendered":"https:\/\/zjarr.tv\/?p=81278"},"modified":"2019-04-28T13:15:23","modified_gmt":"2019-04-28T11:15:23","slug":"kapet-droge-ne-vlore-dy-te-arrestuar","status":"publish","type":"post","link":"https:\/\/zjarr.tv\/sq\/kapet-droge-ne-vlore-dy-te-arrestuar\/","title":{"rendered":"Kapet drog\u00eb n\u00eb Vlor\u00eb, dy t\u00eb arrestuar"},"content":{"rendered":"<p>Policia e Vlor\u00ebs ka goditur nj\u00eb tjet\u00ebr tentativ\u00eb n\u00eb fush\u00ebn e kultivimit dhe tregtimit t\u00eb l\u00ebnd\u00ebve narkotike duke sekuestruar 48 kilogram\u00eb kanabis n\u00eb nj\u00eb banes\u00eb, si dhe 97 fidan\u00eb n\u00eb kubik\u00eb. N\u00eb pranga kan\u00eb p\u00ebrfunduar dy shtetas.<\/p>\n<p>N\u00eb kuad\u00ebr t\u00eb luft\u00ebs p\u00ebr parandalimin e prodhimit dhe shitjes s\u00eb l\u00ebnd\u00ebve narkotike, kontrollit t\u00eb pand\u00ebrprer\u00eb t\u00eb territorit nga ana e sh\u00ebrbimeve policore, thirrjes s\u00eb qytetar\u00ebve p\u00ebr t\u00eb bashk\u00ebpunuar me Policin\u00eb n\u00eb luft\u00eb kund\u00ebr paligjshm\u00ebris\u00eb, bazuar n\u00eb informacionet e adresuara nga qytetar\u00ebt se dy shtetas dispononin l\u00ebnd\u00eb narkotike dhe po p\u00ebrgatiteshin p\u00ebr t\u00eb kultivuar bim\u00eb narkotike, nga Seksioni p\u00ebr Hetimin e Trafiqeve dhe Narkotik\u00ebve pran\u00eb DVP Vlor\u00eb, n\u00eb bashk\u00ebpunim me Patrull\u00ebn e P\u00ebrgjithshme t\u00eb Komisariatit t\u00eb Policis\u00eb Vlor\u00eb \u00ebsht\u00eb organizuar dhe zhvilluar operacioni policor i koduar \u201cPrita\u201d.<\/p>\n<p>Operacioni \u00ebsht\u00eb zhvilluar n\u00eb lagjen \u201c24 Maji\u201d Vlor\u00eb, ku n\u00eb nj\u00eb banes\u00eb \u00ebsht\u00eb gjetur dhe sekuestruar 48 kilogram\u00eb l\u00ebnde narkotike, si dhe 97 fidan\u00eb kanabis t\u00eb mbjell\u00eb n\u00eb kubik\u00eb. Gjithashtu u sekuestruan edhe dy automjete, aparat\u00eb celular, nj\u00eb peshore elektronike e sende t\u00eb tjera.<\/p>\n<p>Policia ka arrestuar n\u00eb kushtet e flagranc\u00ebs n\u00eb k\u00ebt\u00eb banes\u00eb shtetasit Z.I., 36 vje\u00e7 dhe E.B., 30 vje\u00e7, t\u00eb dyshuar si autor\u00eb p\u00ebrgjegj\u00ebs n\u00eb lidhje me k\u00ebt\u00eb veprimtari t\u00eb paligjshme.<br \/>\nMaterialet iu referuan Prokuroris\u00eb n\u00eb ngarkim t\u00eb k\u00ebtyre shtetasve p\u00ebr veprat penale \u201cProdhimi dhe shitja e l\u00ebnd\u00ebve narkotike\u201d dhe \u201cKultivimi i bim\u00ebve narkotike\u201d, kryer n\u00eb bashk\u00ebpunim.<\/p>\n","protected":false},"excerpt":{"rendered":"<p>Policia e Vlor\u00ebs ka goditur nj\u00eb tjet\u00ebr tentativ\u00eb n\u00eb fush\u00ebn e kultivimit dhe tregtimit t\u00eb l\u00ebnd\u00ebve narkotike duke sekuestruar 48 kilogram\u00eb kanabis n\u00eb nj\u00eb banes\u00eb, si dhe 97 fidan\u00eb n\u00eb kubik\u00eb. N\u00eb pranga kan\u00eb p\u00ebrfunduar dy shtetas. N\u00eb kuad\u00ebr t\u00eb luft\u00ebs p\u00ebr parandalimin e prodhimit dhe shitjes s\u00eb l\u00ebnd\u00ebve narkotike, kontrollit t\u00eb pand\u00ebrprer\u00eb t\u00eb territorit [&hellip;]<\/p>\n","protected":false},"author":2013,"featured_media":68707,"comment_status":"open","ping_status":"closed","sticky":false,"template":"","format":"standard","meta":{"footnotes":""},"categories":[241,235],"tags":[],"class_list":{"0":"post-81278","1":"post","2":"type-post","3":"status-publish","4":"format-standard","5":"has-post-thumbnail","7":"category-aktualitet","8":"category-vendi"},"_links":{"self":[{"href":"https:\/\/zjarr.tv\/sq\/wp-json\/wp\/v2\/posts\/81278","targetHints":{"allow":["GET"]}}],"collection":[{"href":"https:\/\/zjarr.tv\/sq\/wp-json\/wp\/v2\/posts"}],"about":[{"href":"https:\/\/zjarr.tv\/sq\/wp-json\/wp\/v2\/types\/post"}],"author":[{"embeddable":true,"href":"https:\/\/zjarr.tv\/sq\/wp-json\/wp\/v2\/users\/2013"}],"replies":[{"embeddable":true,"href":"https:\/\/zjarr.tv\/sq\/wp-json\/wp\/v2\/comments?post=81278"}],"version-history":[{"count":0,"href":"https:\/\/zjarr.tv\/sq\/wp-json\/wp\/v2\/posts\/81278\/revisions"}],"wp:featuredmedia":[{"embeddable":true,"href":"https:\/\/zjarr.tv\/sq\/wp-json\/wp\/v2\/media\/68707"}],"wp:attachment":[{"href":"https:\/\/zjarr.tv\/sq\/wp-json\/wp\/v2\/media?parent=81278"}],"wp:term":[{"taxonomy":"category","embeddable":true,"href":"https:\/\/zjarr.tv\/sq\/wp-json\/wp\/v2\/categories?post=81278"},{"taxonomy":"post_tag","embeddable":true,"href":"https:\/\/zjarr.tv\/sq\/wp-json\/wp\/v2\/tags?post=81278"}],"curies":[{"name":"wp","href":"https:\/\/api.w.org\/{rel}","templated":true}]}}