{"id":81283,"date":"2019-04-28T13:18:12","date_gmt":"2019-04-28T11:18:12","guid":{"rendered":"https:\/\/zjarr.tv\/?p=81283"},"modified":"2019-04-28T13:18:12","modified_gmt":"2019-04-28T11:18:12","slug":"berisha-ky-regjim-po-vret-shqiptaret","status":"publish","type":"post","link":"https:\/\/zjarr.tv\/sq\/berisha-ky-regjim-po-vret-shqiptaret\/","title":{"rendered":"Berisha: Ky regjim po \u201cvret\u201d shqiptar\u00ebt"},"content":{"rendered":"<p>Ish-kryeministri Sali Berisha ka uruar besimtar\u00ebt ortodoks\u00eb p\u00ebr fest\u00ebn e Pashk\u00ebve. Berisha shprehet se Pashka sivjet i gjen shqiptar\u00ebt n\u00ebn nj\u00eb regjim t\u00eb eg\u00ebr. Ai thot\u00eb se uron q\u00eb shqiptar\u00ebt t\u00eb largojn\u00eb k\u00ebt\u00eb regjim dhe t\u00eb b\u00ebjn\u00eb Shqip\u00ebrin\u00eb m\u00eb t\u00eb mir\u00eb.<\/p>\n<p><strong>Statusi i Berish\u00ebs:<\/strong><\/p>\n<p>Krishti u Ngjall! G\u00ebzuar Pashk\u00ebn!<\/p>\n<p>T\u00eb dashur miq, sot besimtaret ortodoks shqiptar festojn\u00eb Pashk\u00ebn, dit\u00ebn e bekuar t\u00eb Ngjalljes s\u00eb Krishtit Mbret, Burrit, Hyjit q\u00eb u kryq\u00ebzua padrejt\u00ebsisht dhe q\u00eb u ngjall k\u00ebt\u00eb dit\u00eb p\u00ebr t\u00eb mos vdekur kurr\u00eb dhe p\u00ebr t\u00eb ndryshuar bot\u00ebn dhe njer\u00ebzin\u00eb. Ndaj dhe kjo dit\u00eb e shenjt\u00eb \u00ebsht\u00eb dita e pavdeksis\u00eb se Hyjit por edhe e p\u00ebrjt\u00ebsis\u00eb s\u00eb shpres\u00ebs dhe besimit t\u00eb njeriut tek Zoti dhe vlerat m\u00eb t\u00eb larta hyjnore e njer\u00ebzore.<\/p>\n<p>Miq, k\u00ebt\u00eb vit ne kremtojm\u00eb Ngjalljen e Krishtit Mbret n\u00eb nj\u00eb koh\u00eb t\u00eb v\u00ebshtir\u00eb, n\u00eb nj\u00eb regjim q\u00eb k\u00ebto vitet e fundit ka vrar\u00eb shpres\u00ebn shqiptar\u00ebve sa asnj\u00ebher\u00eb tjet\u00ebr k\u00ebto tre dekada dhe ka b\u00ebr\u00eb q\u00eb qindra mij\u00ebra shqiptar\u00eb t\u00eb largohen nga d\u00ebshp\u00ebrimi nga vendi yn\u00eb. Por Ngjallja e Krishtit \u00ebsht\u00eb p\u00ebr t\u00eb gjith\u00eb besimtar\u00ebt e Zotit, nj\u00eb frym\u00ebzim i madh, \u00ebsht\u00eb ngjallje shprese p\u00ebr nj\u00eb ndryshim p\u00ebr mir\u00eb p\u00ebr vehte, familjen dhe p\u00ebr Shqip\u00ebrin\u00eb.<\/p>\n<p>Duke p\u00ebrfunduar k\u00ebt\u00eb mesazh le t\u00eb urojm\u00eb ne t\u00eb dashur miq besimtar\u00ebt ortodoks\u00eb shqiptar\u00eb dhe t\u00eb gjith\u00eb besimtar\u00ebt e Zotit, G\u00ebzuar Pashk\u00ebn dhe t\u00eb lutemi bashk\u00ebrisht me ta k\u00ebt\u00eb n\u00eb dit\u00eb t\u00eb shenjt\u00eb, q\u00eb Pashka q\u00eb vjen mir\u00eb t\u00eb na gjej\u00eb! Gezuar!! sb<\/p>\n<p>&nbsp;<\/p>\n<p>&nbsp;<\/p>\n","protected":false},"excerpt":{"rendered":"<p>Ish-kryeministri Sali Berisha ka uruar besimtar\u00ebt ortodoks\u00eb p\u00ebr fest\u00ebn e Pashk\u00ebve. Berisha shprehet se Pashka sivjet i gjen shqiptar\u00ebt n\u00ebn nj\u00eb regjim t\u00eb eg\u00ebr. Ai thot\u00eb se uron q\u00eb shqiptar\u00ebt t\u00eb largojn\u00eb k\u00ebt\u00eb regjim dhe t\u00eb b\u00ebjn\u00eb Shqip\u00ebrin\u00eb m\u00eb t\u00eb mir\u00eb. Statusi i Berish\u00ebs: Krishti u Ngjall! G\u00ebzuar Pashk\u00ebn! T\u00eb dashur miq, sot besimtaret ortodoks [&hellip;]<\/p>\n","protected":false},"author":2013,"featured_media":0,"comment_status":"open","ping_status":"closed","sticky":false,"template":"","format":"standard","meta":{"footnotes":""},"categories":[241,235],"tags":[],"class_list":{"0":"post-81283","1":"post","2":"type-post","3":"status-publish","4":"format-standard","6":"category-aktualitet","7":"category-vendi"},"_links":{"self":[{"href":"https:\/\/zjarr.tv\/sq\/wp-json\/wp\/v2\/posts\/81283","targetHints":{"allow":["GET"]}}],"collection":[{"href":"https:\/\/zjarr.tv\/sq\/wp-json\/wp\/v2\/posts"}],"about":[{"href":"https:\/\/zjarr.tv\/sq\/wp-json\/wp\/v2\/types\/post"}],"author":[{"embeddable":true,"href":"https:\/\/zjarr.tv\/sq\/wp-json\/wp\/v2\/users\/2013"}],"replies":[{"embeddable":true,"href":"https:\/\/zjarr.tv\/sq\/wp-json\/wp\/v2\/comments?post=81283"}],"version-history":[{"count":0,"href":"https:\/\/zjarr.tv\/sq\/wp-json\/wp\/v2\/posts\/81283\/revisions"}],"wp:attachment":[{"href":"https:\/\/zjarr.tv\/sq\/wp-json\/wp\/v2\/media?parent=81283"}],"wp:term":[{"taxonomy":"category","embeddable":true,"href":"https:\/\/zjarr.tv\/sq\/wp-json\/wp\/v2\/categories?post=81283"},{"taxonomy":"post_tag","embeddable":true,"href":"https:\/\/zjarr.tv\/sq\/wp-json\/wp\/v2\/tags?post=81283"}],"curies":[{"name":"wp","href":"https:\/\/api.w.org\/{rel}","templated":true}]}}