{"id":81293,"date":"2019-04-28T13:27:26","date_gmt":"2019-04-28T11:27:26","guid":{"rendered":"https:\/\/zjarr.tv\/?p=81293"},"modified":"2019-04-28T13:27:26","modified_gmt":"2019-04-28T11:27:26","slug":"spanja-shkon-ne-zgjedhje-e-per%d2%abare","status":"publish","type":"post","link":"https:\/\/zjarr.tv\/sq\/spanja-shkon-ne-zgjedhje-e-per%d2%abare\/","title":{"rendered":"Spanja shkon n\u00eb zgjedhje e p\u00ebr\u04abar\u00eb"},"content":{"rendered":"<p>N\u00eb debatin e dyt\u00eb televiziv p\u00ebr zgjedhjet spanjolle k\u00ebt\u00eb jav\u00eb, kat\u00ebr burra debatuan furish\u00ebm me sulme personale p\u00ebr politik\u00ebn ndaj gruas dhe gjinive. Zot\u00ebrinjt\u00eb, t\u00eb gjith\u00eb kryetar\u00eb partish, angazhohen me nuanca t\u00eb ndryshme kund\u00ebr dhun\u00ebs ndaj grave, p\u00ebr paga t\u00eb barabarta dhe p\u00ebr m\u00eb shum\u00eb mund\u00ebsi t\u00eb barabarta.<\/p>\n<p>Asnj\u00eb nga partit\u00eb nuk ka nj\u00eb grua si kandidate kryesore, por rezultati i zgjedhjeve mund t\u00eb varet shum\u00eb nga votat e grave spanjolle. 60 p\u00ebrqind t\u00eb grave, thon\u00eb prognozat, ishin t\u00eb pavendosura edhe disa dit\u00eb para votimit k\u00ebt\u00eb t\u00eb diel\u00eb.<\/p>\n<p>N\u00eb debatin televiziv kryeministri spanjoll Pedro Sanchez i socialist\u00ebve, Pablo Casado i Partis\u00eb konservatore Popullore, Pablo Iglesias i partis\u00eb s\u00eb majt\u00eb &#8220;Unidas Podemos&#8221; dhe liberali Albert Rivera nga &#8220;Ciudadanos&#8221; u munduan q\u00eb t\u00eb bindnin me mesazhet e tyre.<\/p>\n<p><strong>&#8220;Kombi&#8221; si hit i fushat\u00ebs zgjedhore<\/strong><\/p>\n<p>N\u00eb asnj\u00eb debat televiziv nuk ka qen\u00eb i pranish\u00ebm shefi i partis\u00eb s\u00eb djatht\u00eb populiste &#8220;Vox&#8221;, Santiago Abascal Conde, i cili \u00ebsht\u00eb vet\u00ebm 43 vje\u04ab. Partia e tij, nj\u00eb fraksion nga Partia konservatore Popullore, nuk \u00ebsht\u00eb e p\u00ebrfaq\u00ebsuar deri tani n\u00eb parlamentin e vendit dhe p\u00ebr k\u00ebt\u00eb arsye nuk u ftua n\u00eb debatin televiziv. Paralelisht me raundin televiziv Abascal mbajti nj\u00eb tubim n\u00eb Sevilia, ku u ankua p\u00ebr &#8220;diktatur\u00ebn e medieve liberale&#8221; dhe t\u00eb &#8220;progresiv\u00ebve&#8221; n\u00eb politik\u00eb.<\/p>\n<p>Ai u premtoi mb\u00ebshtet\u00ebsve t\u00eb tij, q\u00eb brohorisnin, \u201enj\u00eb rikonkuist\u00eb&#8221;, nj\u00eb rikthim te kombi spanjoll dhe dh\u00ebnien fund t\u00eb val\u00ebve t\u00eb emigracionit. Kandidati i populist\u00ebve t\u00eb djatht\u00eb, i cili e quan kryeministrin hungarez Viktor Orban idolin e tij, kund\u00ebrshton t\u00eb \u201edrejtat e ekzagjeruara t\u00eb grave&#8221; apo nj\u00eb kultur\u00eb t\u00eb tepruar t\u00eb homoseksual\u00ebve n\u00eb Evrop\u00eb.<\/p>\n<p>Santiago Abascal k\u00ebrkon q\u00eb separatist\u00ebt n\u00eb rajonin e Katalonj\u00ebs t\u00eb goditen r\u00ebnd\u00eb. Ai k\u00ebrkon \u201enj\u00eb m\u00ebm\u00ebdhe spanjoll&#8221; t\u00eb fort\u00eb, ku njer\u00ebzit t\u00eb mund t\u00eb flen\u00eb p\u00ebrs\u00ebri t\u00eb qet\u00eb. Parlamentet rajonale d\u00ebshiron t\u2018i shfuqizoj\u00eb.<\/p>\n<p><strong>Katalonja p\u00ebr\u04aban Spanj\u00ebn<\/strong><\/p>\n<p>Sidomos konflikti lidhur me p\u00ebrpjekjet p\u00ebr pavar\u00ebsi n\u00eb provinc\u00ebn verilindore t\u00eb Katalonj\u00ebs i ka dh\u00ebn\u00eb hov partis\u00eb s\u00eb djatht\u00eb \u201eVox&#8221;. Sipas sondazheve ajo mund t\u00eb arrij\u00eb t\u00eb diel\u00ebn 11 p\u00ebrqind. Mbi Spanj\u00ebn fryn nj\u00eb er\u00eb nacionalizmi, mendon politologu Jose Ignacio Torreblanca i &#8220;European Council on Foreign Affairs&#8221;, nj\u00eb think tank n\u00eb Madrid.<\/p>\n<p>&#8220;Pas k\u00ebsaj q\u00ebndrojn\u00eb krenaria dhe ndjenja, m\u00eb shum\u00eb se mendimet racionale. Sepse praktikisht politika, q\u00eb propozon Vox, nuk ka kuptim. Ajo \u00ebsht\u00eb nj\u00eb mishmash, por votuesit nuk e vrasin shum\u00eb mendjen. Kur shkojn\u00eb te Vox ata ndjekin ndjenj\u00ebn.&#8221;<\/p>\n<p>Kriza e Katalonj\u00ebs, q\u00eb nga referendumi p\u00ebr pavar\u00ebsi n\u00eb 2017 dhe administrat\u00ebs q\u00ebndrore t\u00eb Madridit, q\u00eb pasoi, ka \u04abuar n\u00eb nj\u00eb ndarje t\u00eb thell\u00eb midis kampit t\u00eb majt\u00eb dhe atij t\u00eb djatht\u00eb. Asnj\u00ebri nga t\u00eb dy nuk mund t\u00eb pres\u00eb t\u00eb fitoj\u00eb shumic\u00ebn absolute, n\u00ebse sondazhet jan\u00eb t\u00eb sakta. \u201eSocialist\u00ebt kan\u00eb ndjekur nj\u00eb politik\u00eb m\u00eb t\u00eb but\u00eb ndaj Katalonj\u00ebs.<\/p>\n<p>Konservator\u00ebt jan\u00eb p\u00ebr nj\u00eb q\u00ebndrim m\u00eb t\u00eb ashp\u00ebr&#8221;, mendon politologu Jose Ignacio Torreblanca. &#8220;N\u00eb zgjedhje b\u00ebhet fjal\u00eb p\u00ebr at\u00eb, n\u00ebse forcohet qeveria n\u00eb Katalonj\u00eb, p\u00ebr t\u00eb rifituar votuesit, q\u00eb jan\u00eb p\u00ebr ndarjen. Apo forcohet kontrolli qendror p\u00ebr t\u00eb d\u00ebnuar separatist\u00ebt n\u00eb Katalonj\u00eb, q\u00eb kan\u00eb mbajtur nj\u00eb referendum ilegal.&#8221;<\/p>\n<p>Debati para zgjedhjeve parlamentare: Djathtas lideri i Podemos, Pablo Igelsias, liderit i partis\u00eb Ciutadans, Albert Riiviera, lideri i Partido Popular, Pablo Casado, dhe ai i partis\u00eb socialiste spnjaolle, PSOE, Pedro Sanchez<\/p>\n<p><strong>E majta dhe e djathta bllokojn\u00eb nj\u00ebra-tjetr\u00ebn<\/strong><\/p>\n<p>\u00c7\u00ebshtja e Katalonj\u00ebs do t\u00eb vendos\u00eb zgjedhjet, thon\u00eb analist\u00ebt zgjedhor\u00eb, dhe jo kriza ekonomike akoma ekzistente. Spanja p\u00ebrjetoi n\u00eb vitet 2009 deri 2013 nj\u00eb kriz\u00eb bankare dhe t\u00eb pasurive t\u00eb patundshme. Ekonomia po rritet p\u00ebrs\u00ebri, por papun\u00ebsia me 13,9 p\u00ebrqind \u00ebsht\u00eb shum\u00eb m\u00eb e lart\u00eb se mesatarja e BE. Partit\u00eb rajonale nga Katalonja, mund t\u00eb jen\u00eb vendimtare, kur \u00ebsht\u00eb fjala p\u00ebr krijimin e qeveris\u00eb.<\/p>\n<p>Socialisti Sanchez rr\u00ebzoi me ndihm\u00ebn e tyre me nj\u00eb mocion mosbesimi Rajoy-n. Por k\u00ebt\u00eb pranver\u00eb partit\u00eb e vogla katalanase nuk ia dhan\u00eb Sanchez-it miratimin p\u00ebr buxhetin, gj\u00eb q\u00eb \u04aboi n\u00eb zgjedhjet e reja t\u00eb s\u00eb diel\u00ebs. Kryetari i partis\u00eb s\u00eb moderuar katalane (ERC), Oriol Junqueras, ndodhet n\u00eb paraburgim n\u00eb Madrid, nga ku organizon fushat\u00ebn zgjedhore. Ai akuzohet p\u00ebr referendumin p\u00ebr pavar\u00ebsi, por do t\u00eb ishte i gatsh\u00ebm p\u00ebr t\u00eb hyr\u00eb n\u00eb nj\u00eb koalicion me socialist\u00ebt.<\/p>\n<p>Kryeministri socialist Pedro Sanchez do t\u00eb bashkohej me Podemos-in e majt\u00eb dhe katalan\u00ebt. Kreu i Partis\u00eb Popullore, t\u00eb cilit populist\u00ebt e djatht\u00eb i kan\u00eb marr\u00eb shum\u00eb zgjedh\u00ebs, \u00ebsht\u00eb i gatsh\u00ebm t\u00eb b\u00ebj\u00eb koalicion me &#8220;Vox&#8221; dhe me &#8220;Partin\u00eb Qytetare&#8221; m\u00eb liberale. Por \u00ebsht\u00eb e paqart\u00eb, n\u00ebse njeri nga k\u00ebto kampe do t\u00eb arrij\u00eb t\u00eb marr\u00eb shumic\u00ebn e votave.<\/p>\n<p>&#8220;K\u00ebto dy kampe bllokojn\u00eb njeri-tjetrin, sepse ata p\u00ebrjashtojn\u00eb nj\u00eb koalicion n\u00eb qend\u00ebr&#8221;, mendon politologu Torreblanca n\u00eb Madrid n\u00eb bised\u00eb me DW. Kreu liberal i &#8220;Qytetar\u00ebve&#8221;, Albert Rivera, nuk d\u00ebshiron n\u00eb asnj\u00eb m\u00ebnyr\u00eb t\u00eb b\u00ebj\u00eb koalicion me socialistin Sanchez, t\u00eb cilin e akuzon, se do t\u00eb shp\u00ebrb\u00ebj\u00eb dhe tradh\u00ebtoj\u00eb shtetin qendror spanjoll.<\/p>\n<p><strong>Europa nuk p\u00ebrb\u00ebn tem\u00eb<\/strong><br \/>\nAsnj\u00eb nga partit\u00eb nuk e ka tem\u00eb Bashkimin Evropian. Kund\u00ebrshtimi i Brukselit nuk luan ndonj\u00eb rol n\u00eb Spanj\u00eb. &#8220;Spanjoll\u00ebt nuk e shohin Europ\u00ebn si armik. Kjo \u00ebsht\u00eb arsyeja pse ata nuk duan polemika n\u00eb lidhje me integrimin evropian. N\u00eb k\u00ebt\u00eb drejtim Spanja \u00ebsht\u00eb si nj\u00eb ishull n\u00eb detin e euroskeptik\u00ebve dhe eurofobik\u00ebve n\u00eb vendet e tjera&#8221;, mendon Ignacio Torreblanca i &#8220;European Council on Foreign Relations&#8221;.<\/p>\n<p>Meq\u00eb t\u00eb gjitha partit\u00eb premtojn\u00eb leht\u00ebsime fiskale dhe rritje t\u00eb shpenzimeve dhe askush nuk e p\u00ebrmend ngarkes\u00ebn e lart\u00eb t\u00eb pensioneve, borxhi i Spanj\u00ebs mund t\u00eb rritet s\u00eb shpejti mbi mas\u00ebn e tolerueshme. Borxhi i ri p\u00ebrb\u00ebn ende 2,5 p\u00ebrqind t\u00eb prodhimit ekonomik vjetor.<\/p>\n<p>Komisioneri evropian p\u00ebrgjegj\u00ebs Pierre Moscovici nuk \u00ebsht\u00eb i shqet\u00ebsuar p\u00ebr Spanj\u00ebn. &#8220;Nuk komentoj premtimet elektorale&#8221;, i tha Moscovici gazet\u00ebs &#8220;El Pais&#8221;. \u201eRritja spanjolle \u00ebsht\u00eb e q\u00ebndrueshme.&#8221; Deri tani si qeveria konservatore ashtu edhe ajo socialiste kan\u00eb b\u00ebr\u00eb nj\u00eb politik\u00eb fiskale t\u00eb p\u00ebrgjegjshme. &#8220;N\u00ebse mbetet k\u00ebshtu, ne mund ta \u04ablirojm\u00eb Spanj\u00ebn pas dhjet\u00eb vitesh nga procedura buxhetore e Komisionit t\u00eb BE&#8221;, premtoi Moscovici tri dit\u00eb para zgjedhjeve<\/p>\n<p>&nbsp;<\/p>\n","protected":false},"excerpt":{"rendered":"<p>N\u00eb debatin e dyt\u00eb televiziv p\u00ebr zgjedhjet spanjolle k\u00ebt\u00eb jav\u00eb, kat\u00ebr burra debatuan furish\u00ebm me sulme personale p\u00ebr politik\u00ebn ndaj gruas dhe gjinive. Zot\u00ebrinjt\u00eb, t\u00eb gjith\u00eb kryetar\u00eb partish, angazhohen me nuanca t\u00eb ndryshme kund\u00ebr dhun\u00ebs ndaj grave, p\u00ebr paga t\u00eb barabarta dhe p\u00ebr m\u00eb shum\u00eb mund\u00ebsi t\u00eb barabarta. Asnj\u00eb nga partit\u00eb nuk ka nj\u00eb grua [&hellip;]<\/p>\n","protected":false},"author":2013,"featured_media":81294,"comment_status":"open","ping_status":"closed","sticky":false,"template":"","format":"standard","meta":{"footnotes":""},"categories":[241,191],"tags":[],"class_list":{"0":"post-81293","1":"post","2":"type-post","3":"status-publish","4":"format-standard","5":"has-post-thumbnail","7":"category-aktualitet","8":"category-bota"},"_links":{"self":[{"href":"https:\/\/zjarr.tv\/sq\/wp-json\/wp\/v2\/posts\/81293","targetHints":{"allow":["GET"]}}],"collection":[{"href":"https:\/\/zjarr.tv\/sq\/wp-json\/wp\/v2\/posts"}],"about":[{"href":"https:\/\/zjarr.tv\/sq\/wp-json\/wp\/v2\/types\/post"}],"author":[{"embeddable":true,"href":"https:\/\/zjarr.tv\/sq\/wp-json\/wp\/v2\/users\/2013"}],"replies":[{"embeddable":true,"href":"https:\/\/zjarr.tv\/sq\/wp-json\/wp\/v2\/comments?post=81293"}],"version-history":[{"count":0,"href":"https:\/\/zjarr.tv\/sq\/wp-json\/wp\/v2\/posts\/81293\/revisions"}],"wp:featuredmedia":[{"embeddable":true,"href":"https:\/\/zjarr.tv\/sq\/wp-json\/wp\/v2\/media\/81294"}],"wp:attachment":[{"href":"https:\/\/zjarr.tv\/sq\/wp-json\/wp\/v2\/media?parent=81293"}],"wp:term":[{"taxonomy":"category","embeddable":true,"href":"https:\/\/zjarr.tv\/sq\/wp-json\/wp\/v2\/categories?post=81293"},{"taxonomy":"post_tag","embeddable":true,"href":"https:\/\/zjarr.tv\/sq\/wp-json\/wp\/v2\/tags?post=81293"}],"curies":[{"name":"wp","href":"https:\/\/api.w.org\/{rel}","templated":true}]}}