{"id":82140,"date":"2019-05-02T15:04:53","date_gmt":"2019-05-02T13:04:53","guid":{"rendered":"https:\/\/zjarr.tv\/?p=82140"},"modified":"2019-05-02T15:04:53","modified_gmt":"2019-05-02T13:04:53","slug":"dacic-askush-nuk-e-pyet-bosnjen-per-kosoven","status":"publish","type":"post","link":"https:\/\/zjarr.tv\/sq\/dacic-askush-nuk-e-pyet-bosnjen-per-kosoven\/","title":{"rendered":"Da\u00e7i\u00e7: Askush nuk e pyet Bosnj\u00ebn p\u00ebr Kosov\u00ebn"},"content":{"rendered":"<p>Ministri serb i Pun\u00ebve t\u00eb Jashtme, Ivica Da\u00e7i\u00e7, ka reaguar pas deklarat\u00ebs s\u00eb Kryetarit t\u00eb K\u00ebshillit t\u00eb Ministrave t\u00eb Bosnj\u00ebs e Hercegovin\u00ebs, Denis Zvizdi\u00e7.<\/p>\n<p>Kryetari i K\u00ebshillit t\u00eb Ministrave t\u00eb Bosnj\u00ebs e Hercegovin\u00ebs, Denis Zvizdi\u00e7, tha se me ndryshimin e kufijve n\u00eb mes t\u00eb Kosov\u00ebs dhe Sebris\u00eb do \u00a0t\u00eb hapej Kutia e Pandor\u00ebs.<\/p>\n<p>Pas k\u00ebtyre deklaratave ka reaguar ministri serb i Pun\u00ebve t\u00eb Jashtme, Ivica Da\u00e7i\u00e7, i cili i ka quajtur absurde dhe qesharake deklaratat e Zvizdi\u00e7it, transmeton lajmi.net.<\/p>\n<p>Sipas Da\u00e7iqit, Kutia e Pandor\u00ebs, ishte hapu n\u00eb momentin kur Serbis\u00eb i \u00ebsht\u00eb k\u00ebrkuar njohja e pavar\u00ebsis\u00eb s\u00eb Kosov\u00ebs dhe se sipas tij, askush nuk e pyet Bosnje dhe Hercegovin\u00ebn se si do t\u00eb zgjidhet kjo \u00e7\u00ebshtje.<\/p>\n<p>\u201cNuk na intereson \u00e7far\u00eb mendojn\u00eb ata, kush i pyet ata se si do t\u00eb zgjidhet \u00e7\u00ebshtja e Serbis\u00eb dhe Kosov\u00ebs. Kush jan\u00eb ata p\u00ebr t\u00eb dh\u00ebn\u00eb ndonj\u00eb mendim p\u00ebr k\u00ebt\u00eb\u201d, deklaroi sot Da\u00e7i\u00e7.<\/p>\n<p>Sipas kreut t\u00eb diplomacis\u00eb serbe, Bosnja nuk duhet t\u00eb jet\u00eb e pranishme kur flitet p\u00ebr Kosov\u00ebn nj\u00ebsoj sikur Serbia nuk nd\u00ebrhyri n\u00eb zgjedhjen e mosmarr\u00ebveshjes n\u00eb mes t\u00eb Shkupit dhe Athin\u00ebs.<\/p>\n<p>Da\u00e7i\u00e7 shtoi se zgjidhja e \u00e7\u00ebshtjes s\u00eb Kosov\u00ebs duhet t\u00eb diskutohet me fuqit\u00eb e m\u00ebdha.<\/p>\n<p>\u201cAta q\u00eb duan t\u00eb jen\u00eb t\u00eb m\u00ebdhenj, le t\u00eb presin, un\u00eb nuk mendoj se ata jan\u00eb aq t\u00eb m\u00ebdha sa t\u00eb pyesin veten\u201d, deklaroi Da\u00e7i\u00e7.<\/p>\n<p>Tutje ai ka th\u00ebn\u00eb se, Kutia e Pandor\u00ebs ishte hapur kur pavar\u00ebsia e Kosov\u00ebs u pranua dhe Beogradi reagoi e foli p\u00ebr t\u00eb.<\/p>\n<p>\u201cNuk \u00ebsht\u00eb rasti i vet\u00ebm n\u00eb bot\u00eb ku dikush po flet tani p\u00ebr kutin\u00eb e Pandor\u00ebs. Kush thot\u00eb se Kosova ishte nj\u00eb precedent, rasti \u201csui generis\u201d dhe jo diku tjet\u00ebr. N\u00ebse \u00ebsht\u00eb k\u00ebshtu, ky \u201csui generis\u201d, papritmas nuk mund t\u00eb zgjidh\u00eb disa \u00e7\u00ebshtje q\u00eb b\u00ebhen ose q\u00eb do t\u00eb jen\u00eb shembull p\u00ebr t\u00eb tjer\u00ebt\u201d, u shpreh Da\u00e7i\u00e7.<\/p>\n<p>Ai shtoi se Zvizdi\u00e7 \u00ebsht\u00eb kryetari i K\u00ebshillit t\u00eb Ministrave t\u00eb Bosnje dhe Hercegovin\u00ebs n\u00eb nj\u00eb mandat teknik dhe se \u00ebsht\u00eb logjike q\u00eb Presidenca e Bosnj\u00ebs t\u00eb p\u00ebrfaq\u00ebsoj\u00eb vendin, por gjithashtu vuri n\u00eb dukje se deklarata e tij mund t\u00eb konkludoj\u00eb se Bosnja nuk \u00ebsht\u00eb p\u00ebr njohjen e Kosov\u00ebs.<\/p>\n<p>&nbsp;<\/p>\n","protected":false},"excerpt":{"rendered":"<p>Ministri serb i Pun\u00ebve t\u00eb Jashtme, Ivica Da\u00e7i\u00e7, ka reaguar pas deklarat\u00ebs s\u00eb Kryetarit t\u00eb K\u00ebshillit t\u00eb Ministrave t\u00eb Bosnj\u00ebs e Hercegovin\u00ebs, Denis Zvizdi\u00e7. Kryetari i K\u00ebshillit t\u00eb Ministrave t\u00eb Bosnj\u00ebs e Hercegovin\u00ebs, Denis Zvizdi\u00e7, tha se me ndryshimin e kufijve n\u00eb mes t\u00eb Kosov\u00ebs dhe Sebris\u00eb do \u00a0t\u00eb hapej Kutia e Pandor\u00ebs. Pas k\u00ebtyre [&hellip;]<\/p>\n","protected":false},"author":2013,"featured_media":69954,"comment_status":"open","ping_status":"closed","sticky":false,"template":"","format":"standard","meta":{"footnotes":""},"categories":[241,2],"tags":[],"class_list":{"0":"post-82140","1":"post","2":"type-post","3":"status-publish","4":"format-standard","5":"has-post-thumbnail","7":"category-aktualitet","8":"category-rajoni"},"_links":{"self":[{"href":"https:\/\/zjarr.tv\/sq\/wp-json\/wp\/v2\/posts\/82140","targetHints":{"allow":["GET"]}}],"collection":[{"href":"https:\/\/zjarr.tv\/sq\/wp-json\/wp\/v2\/posts"}],"about":[{"href":"https:\/\/zjarr.tv\/sq\/wp-json\/wp\/v2\/types\/post"}],"author":[{"embeddable":true,"href":"https:\/\/zjarr.tv\/sq\/wp-json\/wp\/v2\/users\/2013"}],"replies":[{"embeddable":true,"href":"https:\/\/zjarr.tv\/sq\/wp-json\/wp\/v2\/comments?post=82140"}],"version-history":[{"count":0,"href":"https:\/\/zjarr.tv\/sq\/wp-json\/wp\/v2\/posts\/82140\/revisions"}],"wp:featuredmedia":[{"embeddable":true,"href":"https:\/\/zjarr.tv\/sq\/wp-json\/wp\/v2\/media\/69954"}],"wp:attachment":[{"href":"https:\/\/zjarr.tv\/sq\/wp-json\/wp\/v2\/media?parent=82140"}],"wp:term":[{"taxonomy":"category","embeddable":true,"href":"https:\/\/zjarr.tv\/sq\/wp-json\/wp\/v2\/categories?post=82140"},{"taxonomy":"post_tag","embeddable":true,"href":"https:\/\/zjarr.tv\/sq\/wp-json\/wp\/v2\/tags?post=82140"}],"curies":[{"name":"wp","href":"https:\/\/api.w.org\/{rel}","templated":true}]}}