{"id":82714,"date":"2019-05-06T11:13:28","date_gmt":"2019-05-06T09:13:28","guid":{"rendered":"https:\/\/zjarr.tv\/?p=82714"},"modified":"2019-05-06T11:13:28","modified_gmt":"2019-05-06T09:13:28","slug":"reforma-zgjedhore-pd-scon-vezhgues-komisioni-ska-legjitimitet","status":"publish","type":"post","link":"https:\/\/zjarr.tv\/sq\/reforma-zgjedhore-pd-scon-vezhgues-komisioni-ska-legjitimitet\/","title":{"rendered":"Reforma Zgjedhore, PD s\u2019\u00e7on v\u00ebzhgues: Komisioni s\u2019ka legjitimitet"},"content":{"rendered":"<p>Partia Demokratike refuzon komisionin p\u00ebr Reform\u00ebn Zgjedhore t\u00eb qeveris\u00eb, tek i cili vendos t\u00eb mos \u00e7oj\u00eb asnj\u00eb v\u00ebzhgues.<\/p>\n<p>N\u00eb p\u00ebrgjigjen kthyer Kuvendit, Sekretari i P\u00ebrgjithsh\u00ebm, Gazment Bardhi thot\u00eb se Parlamenti \u00ebsht\u00eb produkt i zgjedhjeve t\u00eb diktuara dhe te blera nga krimi i organizuar, dhe \u00a0se komisioni i Reform\u00ebs Zgjedhore, nj\u00ebsoj si Parlamenti, nuk ka legjitimitet p\u00ebr realizimin e Reform\u00ebs.<\/p>\n<p>\u201cAsnj\u00eb Komision q\u00eb ka n\u00eb p\u00ebrb\u00ebrje dhe drejtim individ\u00eb q\u00eb duhet t\u00eb ishin n\u00eb burg p\u00ebr krime elektorale, nuk g\u00ebzon legjitimitetin p\u00ebr realizimin e Reform\u00ebs Zgjedhore. Asnj\u00eb Komision q\u00eb ka n\u00eb p\u00ebrb\u00ebrje dhe drejtim individ\u00eb q\u00eb nuk p\u00ebrfaq\u00ebsojn\u00eb opozit\u00ebn, nuk mund t\u00eb p\u00ebrcaktoj\u00eb rregullat p\u00ebr pjes\u00ebmarrje n\u00eb zgjedhje t\u00eb partive politike opozitare.\u2019<\/p>\n<p>Duke ritheksuar nevoj\u00ebn p\u00ebr Reform\u00eb t\u00eb v\u00ebrtet\u00eb Zgjedhore, PD shpreh bindjen se ajo duhet t\u00eb realizohet e t\u00eb zbatohet vet\u00ebm nga institucione apo parti q\u00eb kan\u00eb vullnet p\u00ebr t\u00eb garantuar zgjedhje t\u00eb lira dhe t\u00eb ndershme.<\/p>\n<p>\u201cPersonat, subjekt i hetimeve penale nr. 184\/2016 apo nr. 339\/1\/2017 t\u00eb Prokuroris\u00eb p\u00ebr Krimet e R\u00ebnda, jan\u00eb n\u00eb kushtet e konfliktit t\u00eb interesit me zgjedhjet e lira dhe t\u00eb ndershme, si dhe me Reform\u00ebn e v\u00ebrtet\u00eb Zgjedhore, p\u00ebr t\u00eb cil\u00ebn ka nevoj\u00eb vendi.\u201d- thuhet n\u00eb p\u00ebrgjigjen e PD.<\/p>\n","protected":false},"excerpt":{"rendered":"<p>Partia Demokratike refuzon komisionin p\u00ebr Reform\u00ebn Zgjedhore t\u00eb qeveris\u00eb, tek i cili vendos t\u00eb mos \u00e7oj\u00eb asnj\u00eb v\u00ebzhgues. N\u00eb p\u00ebrgjigjen kthyer Kuvendit, Sekretari i P\u00ebrgjithsh\u00ebm, Gazment Bardhi thot\u00eb se Parlamenti \u00ebsht\u00eb produkt i zgjedhjeve t\u00eb diktuara dhe te blera nga krimi i organizuar, dhe \u00a0se komisioni i Reform\u00ebs Zgjedhore, nj\u00ebsoj si Parlamenti, nuk ka legjitimitet [&hellip;]<\/p>\n","protected":false},"author":4,"featured_media":80360,"comment_status":"open","ping_status":"closed","sticky":false,"template":"","format":"standard","meta":{"footnotes":""},"categories":[241,231,235],"tags":[],"class_list":{"0":"post-82714","1":"post","2":"type-post","3":"status-publish","4":"format-standard","5":"has-post-thumbnail","7":"category-aktualitet","8":"category-lajme","9":"category-vendi"},"_links":{"self":[{"href":"https:\/\/zjarr.tv\/sq\/wp-json\/wp\/v2\/posts\/82714","targetHints":{"allow":["GET"]}}],"collection":[{"href":"https:\/\/zjarr.tv\/sq\/wp-json\/wp\/v2\/posts"}],"about":[{"href":"https:\/\/zjarr.tv\/sq\/wp-json\/wp\/v2\/types\/post"}],"author":[{"embeddable":true,"href":"https:\/\/zjarr.tv\/sq\/wp-json\/wp\/v2\/users\/4"}],"replies":[{"embeddable":true,"href":"https:\/\/zjarr.tv\/sq\/wp-json\/wp\/v2\/comments?post=82714"}],"version-history":[{"count":0,"href":"https:\/\/zjarr.tv\/sq\/wp-json\/wp\/v2\/posts\/82714\/revisions"}],"wp:featuredmedia":[{"embeddable":true,"href":"https:\/\/zjarr.tv\/sq\/wp-json\/wp\/v2\/media\/80360"}],"wp:attachment":[{"href":"https:\/\/zjarr.tv\/sq\/wp-json\/wp\/v2\/media?parent=82714"}],"wp:term":[{"taxonomy":"category","embeddable":true,"href":"https:\/\/zjarr.tv\/sq\/wp-json\/wp\/v2\/categories?post=82714"},{"taxonomy":"post_tag","embeddable":true,"href":"https:\/\/zjarr.tv\/sq\/wp-json\/wp\/v2\/tags?post=82714"}],"curies":[{"name":"wp","href":"https:\/\/api.w.org\/{rel}","templated":true}]}}