{"id":82717,"date":"2019-05-06T11:39:35","date_gmt":"2019-05-06T09:39:35","guid":{"rendered":"https:\/\/zjarr.tv\/?p=82717"},"modified":"2019-05-06T11:39:35","modified_gmt":"2019-05-06T09:39:35","slug":"fejton","status":"publish","type":"post","link":"https:\/\/zjarr.tv\/sq\/fejton\/","title":{"rendered":"Fejton"},"content":{"rendered":"<p>Nga Ylli Dylgjeri<\/p>\n<p style=\"background: white;margin: 4.5pt 0in 4.5pt 0in\"><span style=\"color: #1d2129\">Plani i Ri territoresh i Ram\u00ebs p\u00ebr Vu\u00e7iq<\/span><\/p>\n<p style=\"background: white;margin: 4.5pt 0in 4.5pt 0in\"><span style=\"color: #1d2129\">Meq\u00ebn\u00ebse Samiti i Berlinit e nxorri jasht\u00eb loje Vu\u00e7iqin dhe Serbin\u00eb n\u00eb marrjen e territorit n\u00eb Kosov\u00eb, Rama dhe ndihmsat e Tij kan\u00eb menduar nj\u00eb platform\u00eb t\u00eb Re p\u00ebr kompesimin<br \/>\ne Saj me territore nga Shqip\u00ebria. Bashk\u00eb me Velin\u00eb, Lamen dhe Batonin po studjon\u00eb mund\u00ebsin\u00eb p\u00ebr nj\u00eb kompesim&#8230;sigurisht jo nga pronat q\u00eb i kan\u00eb l\u00ebn\u00eb baballar\u00ebt, por nga pronat q\u00eb do dalin pas miratimit t\u00eb ligjit p\u00ebr krijimin e Axhencis\u00eb s\u00eb re t\u00eb Pronave.<br \/>\n<\/span><\/p>\n<p style=\"background: white;text-align: start;margin: 4.5pt 0in 4.5pt 0in\"><span style=\"color: #1d2129\">Po zbulojm\u00eb edhe disa aktivitete t\u00eb tjera n\u00eb kuadrin e vizit\u00ebs s\u00eb Vu\u00e7iq n\u00eb Tiran\u00eb:<br \/>\nSi fillim protokolli parashikon dh\u00ebnien e \u00e7elsit t\u00eb Bashkis\u00eb s\u00eb Tiran\u00ebs. \u00c7elsi simbol, k\u00ebt\u00eb her\u00eb nuk \u00ebsht\u00eb ai tradicionali q\u00eb e jep r\u00ebndom Velija, por \u00ebsht\u00eb porositur nj\u00eb telekomand\u00eb digitale q\u00eb do t\u00eb hap\u00eb jo vet\u00ebm der\u00ebn e Tiran\u00ebs, por edhe kanale n\u00eb median elektronike me programe dobro t\u00eb prodhuara nga biznesi i p\u00ebrbashk\u00ebt i dy shteteve. P\u00ebr nder t\u00eb kryeministres Ana Brnabyc \u00ebsht\u00eb planifikuar nj\u00eb sh\u00ebtitje me bi\u00e7ikleta n\u00eb bulevardin &#8220;D\u00ebshmor\u00ebt e Kombit&#8221; me komunitetin Pink n\u00eb Tiran\u00eb.<br \/>\n<\/span><\/p>\n<p style=\"background: white;text-align: start;margin: 4.5pt 0in 4.5pt 0in\"><span style=\"color: #1d2129\">N\u00eb vijim, nj\u00eb nga TV-t\u00eb klienteliste, do t\u00eb rifilloj p\u00ebrs\u00ebri emisionin sipas k\u00ebrkesa &#8220;Pozdravi&#8221; ku drejtues i emisionit \u00ebsht\u00eb menduar t\u00eb jet\u00eb gospodin Baton Haxhia me emrin e ri Bataku Haxhivi\u00e7. M\u00eb tej platforma televizive do t\u00eb pasurohet me programin erotik Electric Blu,etj.<br \/>\nNj\u00eb Memorial prej bronxi \u00ebsht\u00eb menduar edhe udh\u00ebheqjen e re serbe, ku do shpaloset nj\u00eb hart\u00eb imagjinare e territoreve te fituara nga Serbia n\u00ebse do t\u00eb kishte halla k&#8230;e.*<br \/>\nKaq si fillim.<br \/>\nMe pasurimin e Platform\u00ebs do Ju njohim n\u00eb dit\u00ebt n\u00eb vijim.<\/span><\/p>\n<p style=\"background: white;text-align: start;margin: 4.5pt 0in .0001pt 0in\"><span style=\"color: #1d2129\">Sqarim: Halla nuk \u00ebsht\u00eb zonja e nderuar Merkel.<\/span><\/p>\n<h2><span style=\"font-size: 12.0pt;color: black\">\u00a0<\/span><\/h2>\n","protected":false},"excerpt":{"rendered":"<p>Nga Ylli Dylgjeri Plani i Ri territoresh i Ram\u00ebs p\u00ebr Vu\u00e7iq Meq\u00ebn\u00ebse Samiti i Berlinit e nxorri jasht\u00eb loje Vu\u00e7iqin dhe Serbin\u00eb n\u00eb marrjen e territorit n\u00eb Kosov\u00eb, Rama dhe ndihmsat e Tij kan\u00eb menduar nj\u00eb platform\u00eb t\u00eb Re p\u00ebr kompesimin e Saj me territore nga Shqip\u00ebria. Bashk\u00eb me Velin\u00eb, Lamen dhe Batonin po studjon\u00eb [&hellip;]<\/p>\n","protected":false},"author":4,"featured_media":0,"comment_status":"open","ping_status":"closed","sticky":false,"template":"","format":"standard","meta":{"footnotes":""},"categories":[241,231,235],"tags":[],"class_list":{"0":"post-82717","1":"post","2":"type-post","3":"status-publish","4":"format-standard","6":"category-aktualitet","7":"category-lajme","8":"category-vendi"},"_links":{"self":[{"href":"https:\/\/zjarr.tv\/sq\/wp-json\/wp\/v2\/posts\/82717","targetHints":{"allow":["GET"]}}],"collection":[{"href":"https:\/\/zjarr.tv\/sq\/wp-json\/wp\/v2\/posts"}],"about":[{"href":"https:\/\/zjarr.tv\/sq\/wp-json\/wp\/v2\/types\/post"}],"author":[{"embeddable":true,"href":"https:\/\/zjarr.tv\/sq\/wp-json\/wp\/v2\/users\/4"}],"replies":[{"embeddable":true,"href":"https:\/\/zjarr.tv\/sq\/wp-json\/wp\/v2\/comments?post=82717"}],"version-history":[{"count":0,"href":"https:\/\/zjarr.tv\/sq\/wp-json\/wp\/v2\/posts\/82717\/revisions"}],"wp:attachment":[{"href":"https:\/\/zjarr.tv\/sq\/wp-json\/wp\/v2\/media?parent=82717"}],"wp:term":[{"taxonomy":"category","embeddable":true,"href":"https:\/\/zjarr.tv\/sq\/wp-json\/wp\/v2\/categories?post=82717"},{"taxonomy":"post_tag","embeddable":true,"href":"https:\/\/zjarr.tv\/sq\/wp-json\/wp\/v2\/tags?post=82717"}],"curies":[{"name":"wp","href":"https:\/\/api.w.org\/{rel}","templated":true}]}}