{"id":82920,"date":"2019-05-08T12:32:15","date_gmt":"2019-05-08T10:32:15","guid":{"rendered":"https:\/\/zjarr.tv\/?p=82920"},"modified":"2019-05-08T12:32:15","modified_gmt":"2019-05-08T10:32:15","slug":"marku-pret-ne-zyre-zv-presidentin-e-eurojust-bashkepunim-i-gjyqesorit-me-be","status":"publish","type":"post","link":"https:\/\/zjarr.tv\/sq\/marku-pret-ne-zyre-zv-presidentin-e-eurojust-bashkepunim-i-gjyqesorit-me-be\/","title":{"rendered":"Marku pret n\u00eb zyr\u00eb Zv\/Presidentin e Eurojust, bashk\u00ebpunim i gjyq\u00ebsorit me BE"},"content":{"rendered":"<p>Prokurorja e P\u00ebrgjithshme e P\u00ebrkohshme Arta Marku takoi Z\u00ebvend\u00ebs Presidentin e Eurojust \u00a0Filippo Spiezia<\/p>\n<p>N\u00eb k\u00ebt\u00eb takim u diskutua p\u00ebr bashk\u00ebpunimin e ardhsh\u00ebm Gjyq\u00ebsor me shtetet an\u00ebtare t\u00eb BE.<\/p>\n<p>Marku e njohu Z\u00ebvend\u00ebs Presidentin e Eurojust Z.Filippo Spiezia me zhvillimet e fundit t\u00eb Shqip\u00ebris\u00eb dhe gjendjen aktuale t\u00eb saj n\u00ebn drit\u00ebn e reform\u00ebs p\u00ebr drejt\u00ebsi.<\/p>\n<p>Z\u00ebvend\u00ebs Presidenti i Eurojust Filippo Spiezia nga ana e tij vler\u00ebsoi bashk\u00ebpunimin me drejt\u00ebsine shqiptare, i cili \u00ebsht\u00eb reflektuar n\u00eb rritjen e c\u00ebshtjeve dhe p\u00ebrmir\u00ebsimin e aft\u00ebsive operacionale nd\u00ebrmjet vendeve t\u00eb BE. Ai i kerkoi Prokurores Marku t\u00eb vazhdonte p\u00ebrpjekjet e saj p\u00ebr funksionimin e marr\u00ebveshjes deri n\u00eb Dhjetor 2019.<\/p>\n<p>Ky takim i organizuar nga PAMECA vjen pas marr\u00ebveshjes s\u00eb n\u00ebnshkruar n\u00eb 5 Tetor 2018 me Eurojust, p\u00ebr p\u00ebrmir\u00ebsimin e bashk\u00ebpunimit gjyq\u00ebsor, p\u00ebr leht\u00ebsimini dhe bashk\u00ebrendimin e hetimeve dhe ndjekjeve penale nd\u00ebrmjet Shqip\u00ebris\u00eb dhe nj\u00eb apo m\u00eb shum\u00eb shteteve an\u00ebtare t\u00eb BE-s\u00eb p\u00ebr t\u00eb luftuar krimin e organizuar dhe terrorizmin.<\/p>\n","protected":false},"excerpt":{"rendered":"<p>Prokurorja e P\u00ebrgjithshme e P\u00ebrkohshme Arta Marku takoi Z\u00ebvend\u00ebs Presidentin e Eurojust \u00a0Filippo Spiezia N\u00eb k\u00ebt\u00eb takim u diskutua p\u00ebr bashk\u00ebpunimin e ardhsh\u00ebm Gjyq\u00ebsor me shtetet an\u00ebtare t\u00eb BE. Marku e njohu Z\u00ebvend\u00ebs Presidentin e Eurojust Z.Filippo Spiezia me zhvillimet e fundit t\u00eb Shqip\u00ebris\u00eb dhe gjendjen aktuale t\u00eb saj n\u00ebn drit\u00ebn e reform\u00ebs p\u00ebr drejt\u00ebsi. [&hellip;]<\/p>\n","protected":false},"author":4,"featured_media":82921,"comment_status":"open","ping_status":"closed","sticky":false,"template":"","format":"standard","meta":{"footnotes":""},"categories":[241,231,235],"tags":[],"class_list":{"0":"post-82920","1":"post","2":"type-post","3":"status-publish","4":"format-standard","5":"has-post-thumbnail","7":"category-aktualitet","8":"category-lajme","9":"category-vendi"},"_links":{"self":[{"href":"https:\/\/zjarr.tv\/sq\/wp-json\/wp\/v2\/posts\/82920","targetHints":{"allow":["GET"]}}],"collection":[{"href":"https:\/\/zjarr.tv\/sq\/wp-json\/wp\/v2\/posts"}],"about":[{"href":"https:\/\/zjarr.tv\/sq\/wp-json\/wp\/v2\/types\/post"}],"author":[{"embeddable":true,"href":"https:\/\/zjarr.tv\/sq\/wp-json\/wp\/v2\/users\/4"}],"replies":[{"embeddable":true,"href":"https:\/\/zjarr.tv\/sq\/wp-json\/wp\/v2\/comments?post=82920"}],"version-history":[{"count":0,"href":"https:\/\/zjarr.tv\/sq\/wp-json\/wp\/v2\/posts\/82920\/revisions"}],"wp:featuredmedia":[{"embeddable":true,"href":"https:\/\/zjarr.tv\/sq\/wp-json\/wp\/v2\/media\/82921"}],"wp:attachment":[{"href":"https:\/\/zjarr.tv\/sq\/wp-json\/wp\/v2\/media?parent=82920"}],"wp:term":[{"taxonomy":"category","embeddable":true,"href":"https:\/\/zjarr.tv\/sq\/wp-json\/wp\/v2\/categories?post=82920"},{"taxonomy":"post_tag","embeddable":true,"href":"https:\/\/zjarr.tv\/sq\/wp-json\/wp\/v2\/tags?post=82920"}],"curies":[{"name":"wp","href":"https:\/\/api.w.org\/{rel}","templated":true}]}}