{"id":82926,"date":"2019-05-08T13:36:52","date_gmt":"2019-05-08T11:36:52","guid":{"rendered":"https:\/\/zjarr.tv\/?p=82926"},"modified":"2019-05-08T13:36:52","modified_gmt":"2019-05-08T11:36:52","slug":"balla-opozita-jashte-kuvendit-po-demton-te-ardhmen-evropiane","status":"publish","type":"post","link":"https:\/\/zjarr.tv\/sq\/balla-opozita-jashte-kuvendit-po-demton-te-ardhmen-evropiane\/","title":{"rendered":"Balla: Opozita jasht\u00eb Kuvendit, po d\u00ebmton t\u00eb ardhmen evropiane"},"content":{"rendered":"<p style=\"background: white;margin: 0in 0in 7.5pt 0in\"><span style=\"font-family: 'Helvetica','sans-serif';color: #333333\">Kreu i grupit parlamentar t\u00eb PS-s\u00eb Taulant Balla nga foltorja e Kuvendit akuzoi opozit\u00ebn jasht\u00eb Parlamentit se po b\u00ebn \u00e7do p\u00ebrpjekje p\u00ebr t\u00eb penguar \u00a0t\u00eb ardhmen evropiane t\u00eb Shqip\u00ebris\u00eb.<\/span><\/p>\n<p style=\"background: white;text-align: start;margin: 0in 0in 7.5pt 0in\"><span style=\"font-family: 'Helvetica','sans-serif';color: #333333\">Balla tha me garanci t\u00eb plot\u00eb se raporti p\u00ebrfundimtar p\u00ebr Shqip\u00ebrin\u00eb i KE, do t\u00eb jet\u00eb pozitiv dhe komisioni do t\u00eb k\u00ebrkoj\u00eb fillimin e bisedimeve p\u00ebr an\u00ebtar\u00ebsim n\u00eb BE.<\/span><\/p>\n<p style=\"background: white;text-align: start;margin: 0in 0in 7.5pt 0in\"><strong><span style=\"font-family: 'Helvetica','sans-serif';color: #333333\">Balla:<\/span><\/strong><span style=\"font-family: 'Helvetica','sans-serif';color: #333333\">\u00a0Shqip\u00ebria ka treguar q\u00eb kur b\u00ebhet fjal\u00eb p\u00ebr rrug\u00ebn ton\u00eb Evropiane ne duhet t\u00eb b\u00ebhemi bashk\u00eb. Edhe pse koleg\u00ebt tuaj jasht\u00eb po b\u00ebjn\u00eb gjith\u00e7ka kan\u00eb mund\u00ebsi p\u00ebr t\u00eb d\u00ebmtuar t\u00eb ardhmen evropiane t\u00eb Shqip\u00ebris\u00eb dhe procesin e fillimit t\u00eb negociatave p\u00ebr an\u00ebtar\u00ebsim. \u00c7do bllokim rruge, \u00e7do dhun\u00eb q\u00eb ushtrohet ndaj institucioneve \u00ebsht\u00eb pjes\u00eb e p\u00ebrpjekjeve p\u00ebr t\u00eb d\u00ebmtuar t\u00eb ardhmen evropiane.<\/span><\/p>\n","protected":false},"excerpt":{"rendered":"<p>Kreu i grupit parlamentar t\u00eb PS-s\u00eb Taulant Balla nga foltorja e Kuvendit akuzoi opozit\u00ebn jasht\u00eb Parlamentit se po b\u00ebn \u00e7do p\u00ebrpjekje p\u00ebr t\u00eb penguar \u00a0t\u00eb ardhmen evropiane t\u00eb Shqip\u00ebris\u00eb. Balla tha me garanci t\u00eb plot\u00eb se raporti p\u00ebrfundimtar p\u00ebr Shqip\u00ebrin\u00eb i KE, do t\u00eb jet\u00eb pozitiv dhe komisioni do t\u00eb k\u00ebrkoj\u00eb fillimin e bisedimeve p\u00ebr [&hellip;]<\/p>\n","protected":false},"author":4,"featured_media":63724,"comment_status":"open","ping_status":"closed","sticky":false,"template":"","format":"standard","meta":{"footnotes":""},"categories":[241,231,235],"tags":[],"class_list":{"0":"post-82926","1":"post","2":"type-post","3":"status-publish","4":"format-standard","5":"has-post-thumbnail","7":"category-aktualitet","8":"category-lajme","9":"category-vendi"},"_links":{"self":[{"href":"https:\/\/zjarr.tv\/sq\/wp-json\/wp\/v2\/posts\/82926","targetHints":{"allow":["GET"]}}],"collection":[{"href":"https:\/\/zjarr.tv\/sq\/wp-json\/wp\/v2\/posts"}],"about":[{"href":"https:\/\/zjarr.tv\/sq\/wp-json\/wp\/v2\/types\/post"}],"author":[{"embeddable":true,"href":"https:\/\/zjarr.tv\/sq\/wp-json\/wp\/v2\/users\/4"}],"replies":[{"embeddable":true,"href":"https:\/\/zjarr.tv\/sq\/wp-json\/wp\/v2\/comments?post=82926"}],"version-history":[{"count":0,"href":"https:\/\/zjarr.tv\/sq\/wp-json\/wp\/v2\/posts\/82926\/revisions"}],"wp:featuredmedia":[{"embeddable":true,"href":"https:\/\/zjarr.tv\/sq\/wp-json\/wp\/v2\/media\/63724"}],"wp:attachment":[{"href":"https:\/\/zjarr.tv\/sq\/wp-json\/wp\/v2\/media?parent=82926"}],"wp:term":[{"taxonomy":"category","embeddable":true,"href":"https:\/\/zjarr.tv\/sq\/wp-json\/wp\/v2\/categories?post=82926"},{"taxonomy":"post_tag","embeddable":true,"href":"https:\/\/zjarr.tv\/sq\/wp-json\/wp\/v2\/tags?post=82926"}],"curies":[{"name":"wp","href":"https:\/\/api.w.org\/{rel}","templated":true}]}}