{"id":82955,"date":"2019-05-08T14:27:51","date_gmt":"2019-05-08T12:27:51","guid":{"rendered":"https:\/\/zjarr.tv\/?p=82955"},"modified":"2019-05-08T14:27:51","modified_gmt":"2019-05-08T12:27:51","slug":"sheshi-skenderbej-fiton-cmimin-e-dyte-nga-be-per-arkitekturen-bashkekohore-me-te-mire-ne-europe","status":"publish","type":"post","link":"https:\/\/zjarr.tv\/sq\/sheshi-skenderbej-fiton-cmimin-e-dyte-nga-be-per-arkitekturen-bashkekohore-me-te-mire-ne-europe\/","title":{"rendered":"Sheshi \u201cSk\u00ebnderbej\u201d fiton \u00e7mimin e dyt\u00eb nga BE p\u00ebr arkitektur\u00ebn bashk\u00ebkohore m\u00eb t\u00eb mir\u00eb n\u00eb Europ\u00eb"},"content":{"rendered":"<p>Sheshi \u201cSk\u00ebnderbej\u201d ka marr\u00eb nj\u00eb tjet\u00ebr vler\u00ebsim nd\u00ebrkomb\u00ebtar. \u00a0 Mes 393 projekteve q\u00eb garonin p\u00ebr \u00c7mimin e Bashkimit \u00a0Europian p\u00ebr Arkitektur\u00ebn Bashk\u00ebkohore, Sheshi \u201cSk\u00ebnderbej\u201d mb\u00ebrriti \u00a0deri n\u00eb finalen e madhe dhe fitoi \u00e7mimin e vendit te dyt\u00eb, duke marr\u00eb \u00a0vler\u00ebsimet m\u00eb t\u00eb larta nga juria profesiniste nga e gjith\u00eb Europa p\u00ebr \u00a0fuqin\u00eb transformuese, fokusin tek k\u00ebmb\u00ebsor\u00ebt, q\u00ebndrueshm\u00ebrin\u00eb dhe \u00a0gjelb\u00ebrimin.<\/p>\n<p>Ajo q\u00eb ra n\u00eb sy ishte gara e fort\u00eb dhe rezultati \u00a0tejet i ngusht\u00eb i votimit, 4-3 n\u00eb faz\u00ebn finale, mes sheshit \u201cSk\u00ebnderbej\u201d \u00a0n\u00eb Tiran\u00eb dhe projektit fitues t\u00eb studios s\u00eb famshme franceze \u201cLacaton- \u00a0Vasal\u201d, e cila konkuronte me nj\u00eb projekt godinash banimi dhe sh\u00ebrbimi \u00a0n\u00eb Bordo t\u00eb Franc\u00ebs.<\/p>\n<p>Ishte n\u00ebnkryetari Arbjan \u00a0Mazniku ai q\u00eb mori \u00e7mimin n\u00eb em\u00ebr t\u00eb Bashkis\u00eb s\u00eb Tiran\u00ebs n\u00eb ceremonin\u00eb e \u00a0organizuar me k\u00ebt\u00eb rast, ku vler\u00ebsohet p\u00ebrsosm\u00ebria dhe inovacioni n\u00eb \u00a0fush\u00ebn e arkitektur\u00ebs.<\/p>\n<p>&nbsp;<\/p>\n","protected":false},"excerpt":{"rendered":"<p>Sheshi \u201cSk\u00ebnderbej\u201d ka marr\u00eb nj\u00eb tjet\u00ebr vler\u00ebsim nd\u00ebrkomb\u00ebtar. \u00a0 Mes 393 projekteve q\u00eb garonin p\u00ebr \u00c7mimin e Bashkimit \u00a0Europian p\u00ebr Arkitektur\u00ebn Bashk\u00ebkohore, Sheshi \u201cSk\u00ebnderbej\u201d mb\u00ebrriti \u00a0deri n\u00eb finalen e madhe dhe fitoi \u00e7mimin e vendit te dyt\u00eb, duke marr\u00eb \u00a0vler\u00ebsimet m\u00eb t\u00eb larta nga juria profesiniste nga e gjith\u00eb Europa p\u00ebr \u00a0fuqin\u00eb transformuese, fokusin tek [&hellip;]<\/p>\n","protected":false},"author":2013,"featured_media":0,"comment_status":"open","ping_status":"closed","sticky":false,"template":"","format":"standard","meta":{"footnotes":""},"categories":[241,235],"tags":[],"class_list":{"0":"post-82955","1":"post","2":"type-post","3":"status-publish","4":"format-standard","6":"category-aktualitet","7":"category-vendi"},"_links":{"self":[{"href":"https:\/\/zjarr.tv\/sq\/wp-json\/wp\/v2\/posts\/82955","targetHints":{"allow":["GET"]}}],"collection":[{"href":"https:\/\/zjarr.tv\/sq\/wp-json\/wp\/v2\/posts"}],"about":[{"href":"https:\/\/zjarr.tv\/sq\/wp-json\/wp\/v2\/types\/post"}],"author":[{"embeddable":true,"href":"https:\/\/zjarr.tv\/sq\/wp-json\/wp\/v2\/users\/2013"}],"replies":[{"embeddable":true,"href":"https:\/\/zjarr.tv\/sq\/wp-json\/wp\/v2\/comments?post=82955"}],"version-history":[{"count":0,"href":"https:\/\/zjarr.tv\/sq\/wp-json\/wp\/v2\/posts\/82955\/revisions"}],"wp:attachment":[{"href":"https:\/\/zjarr.tv\/sq\/wp-json\/wp\/v2\/media?parent=82955"}],"wp:term":[{"taxonomy":"category","embeddable":true,"href":"https:\/\/zjarr.tv\/sq\/wp-json\/wp\/v2\/categories?post=82955"},{"taxonomy":"post_tag","embeddable":true,"href":"https:\/\/zjarr.tv\/sq\/wp-json\/wp\/v2\/tags?post=82955"}],"curies":[{"name":"wp","href":"https:\/\/api.w.org\/{rel}","templated":true}]}}