{"id":83064,"date":"2019-05-08T12:20:11","date_gmt":"2019-05-08T10:20:11","guid":{"rendered":"https:\/\/zjarr.tv\/?p=83064"},"modified":"2019-05-08T17:36:09","modified_gmt":"2019-05-08T15:36:09","slug":"fifa-trondit-serish-chelsea-refuzon-kerkesen-e-bluve","status":"publish","type":"post","link":"https:\/\/zjarr.tv\/sq\/fifa-trondit-serish-chelsea-refuzon-kerkesen-e-bluve\/","title":{"rendered":"FIFA trondit s\u00ebrish Chelsea, refuzon k\u00ebrkes\u00ebn e bluve"},"content":{"rendered":"<p>N\u00eb sht\u00ebpin\u00eb e Chelsea vjen nj\u00eb lajm aspak pozitiv pik\u00ebrisht n\u00eb momentin e tyre m\u00eb t\u00eb mir\u00eb, kur u rikthyen n\u00eb gar\u00eb p\u00ebr nj\u00eb vend n\u00eb Champions League dhe kur jan\u00eb shum\u00eb pran\u00eb kalimit n\u00eb finalen e Europa League. FIFA ke refuzuar k\u00ebrkes\u00ebn e bluve p\u00ebr t\u00eb zhvler\u00ebsuar d\u00ebnimin e dh\u00ebn\u00eb pak koh\u00eb m\u00eb par\u00eb ku i mohon t\u00eb drejt\u00ebn p\u00ebr tu nd\u00ebrhyr\u00eb n\u00eb merkato.<\/p>\n<p>Chelsea u d\u00ebnua me 2 vite pezullim nga merkato n\u00eb hyrje dhe nj\u00eb gjob\u00eb prej 600 mij\u00eb franga zvicerane, kjo pasi londinez\u00ebt nuk kishin respektuar rregullat p\u00ebr transferimin e lojtar\u00ebve n\u00ebn 16 vje\u00e7. Kjo bllokad\u00eb e FIFA-s e nd\u00ebrlikon shum\u00eb t\u00eb ardhmen e Chelsea me blut\u00eb q\u00eb jan\u00eb t\u00eb detyruar minimalisht t\u00eb ruajn\u00eb ekipin q\u00eb kan\u00eb n\u00eb dispozicion.<\/p>\n<p>Nga ana tjet\u00ebr FIFA nuk bllokon merkaton n\u00eb dalje, pra lojtar\u00ebt mund t\u00eb largohen. Sigurisht q\u00eb Chelsea nuk mund t\u00eb pranoj\u00eb kaq leht\u00ebsisht k\u00ebt\u00eb vendim t\u00eb FIFA-s dhe sipas t\u00eb gjith\u00eb gjasave pritet ta d\u00ebrgoj \u00e7\u00ebshtjen n\u00eb Gjykat\u00ebn e Arbitrazhit Sportiv.<\/p>\n<p>Nj\u00eb \u00e7\u00ebshtje me vet\u00eb \u00ebsht\u00eb ajo e Higuain. Sulmuesi argjentinas \u00ebsht\u00eb dh\u00ebn\u00eb n\u00eb form\u00eb huazimi nga Juve por Chelsea ka t\u00eb drejt\u00eb t\u00eb paguaj p\u00ebr ta bler\u00eb p\u00ebrfundimisht kartonin e tij ose t\u00eb shtyj\u00eb rinovimin edhe me nj\u00eb tjet\u00ebr vit. Mbetet p\u00ebr tu par\u00eb se \u00e7far\u00eb do t\u00eb ndodh me Eden Hazard, belgu k\u00ebrkohet me insistim nga Real Madrid, n\u00eb k\u00ebt\u00eb kushte, largimi i tij do t\u00eb ishte nj\u00eb humbje e madhe.<\/p>\n","protected":false},"excerpt":{"rendered":"<p>N\u00eb sht\u00ebpin\u00eb e Chelsea vjen nj\u00eb lajm aspak pozitiv pik\u00ebrisht n\u00eb momentin e tyre m\u00eb t\u00eb mir\u00eb, kur u rikthyen n\u00eb gar\u00eb p\u00ebr nj\u00eb vend n\u00eb Champions League dhe kur jan\u00eb shum\u00eb pran\u00eb kalimit n\u00eb finalen e Europa League. FIFA ke refuzuar k\u00ebrkes\u00ebn e bluve p\u00ebr t\u00eb zhvler\u00ebsuar d\u00ebnimin e dh\u00ebn\u00eb pak koh\u00eb m\u00eb par\u00eb [&hellip;]<\/p>\n","protected":false},"author":2013,"featured_media":73084,"comment_status":"open","ping_status":"closed","sticky":false,"template":"","format":"standard","meta":{"footnotes":""},"categories":[241,192],"tags":[],"class_list":{"0":"post-83064","1":"post","2":"type-post","3":"status-publish","4":"format-standard","5":"has-post-thumbnail","7":"category-aktualitet","8":"category-sport"},"_links":{"self":[{"href":"https:\/\/zjarr.tv\/sq\/wp-json\/wp\/v2\/posts\/83064","targetHints":{"allow":["GET"]}}],"collection":[{"href":"https:\/\/zjarr.tv\/sq\/wp-json\/wp\/v2\/posts"}],"about":[{"href":"https:\/\/zjarr.tv\/sq\/wp-json\/wp\/v2\/types\/post"}],"author":[{"embeddable":true,"href":"https:\/\/zjarr.tv\/sq\/wp-json\/wp\/v2\/users\/2013"}],"replies":[{"embeddable":true,"href":"https:\/\/zjarr.tv\/sq\/wp-json\/wp\/v2\/comments?post=83064"}],"version-history":[{"count":0,"href":"https:\/\/zjarr.tv\/sq\/wp-json\/wp\/v2\/posts\/83064\/revisions"}],"wp:featuredmedia":[{"embeddable":true,"href":"https:\/\/zjarr.tv\/sq\/wp-json\/wp\/v2\/media\/73084"}],"wp:attachment":[{"href":"https:\/\/zjarr.tv\/sq\/wp-json\/wp\/v2\/media?parent=83064"}],"wp:term":[{"taxonomy":"category","embeddable":true,"href":"https:\/\/zjarr.tv\/sq\/wp-json\/wp\/v2\/categories?post=83064"},{"taxonomy":"post_tag","embeddable":true,"href":"https:\/\/zjarr.tv\/sq\/wp-json\/wp\/v2\/tags?post=83064"}],"curies":[{"name":"wp","href":"https:\/\/api.w.org\/{rel}","templated":true}]}}