{"id":83599,"date":"2019-05-12T12:54:58","date_gmt":"2019-05-12T10:54:58","guid":{"rendered":"https:\/\/zjarr.tv\/?p=83599"},"modified":"2019-05-12T12:54:58","modified_gmt":"2019-05-12T10:54:58","slug":"basha-mesazh-pseudo-intelektualeve-rrini-hani-ne-oturaket-e-edi-rames","status":"publish","type":"post","link":"https:\/\/zjarr.tv\/sq\/basha-mesazh-pseudo-intelektualeve-rrini-hani-ne-oturaket-e-edi-rames\/","title":{"rendered":"Basha mesazh pseudo-intelektual\u00ebve: Rrini hani n\u00eb oturak\u00ebt e Edi Ram\u00ebs!"},"content":{"rendered":"<p>Kreu i demokrat\u00ebve, Lulzim Basha i \u00ebsht\u00eb bashkuar qytetar\u00ebve para drejtoris\u00eb s\u00eb Policis\u00eb s\u00eb Tiran\u00ebs, q\u00eb protestojn\u00eb p\u00ebr lirimin e t\u00eb arrestuarve mbr\u00ebmjen e djeshme.<\/p>\n<p>Basha theksoi se junta e krimit t\u00eb Edi Ram\u00ebs i ka or\u00ebt e num\u00ebruara.<\/p>\n<p><strong>Basha:<\/strong>\u00a0<em>Pak or\u00eb m\u00eb par\u00eb e gjith\u00eb qendra e Tiran\u00ebs u mbush nga doza luftarake t\u00eb gazit helmues q\u00eb ishte akti kriminal me t\u00eb cilin, kjo junt\u00eb krimianle i p\u00ebrgjigjet aspirat\u00ebs s\u00eb shqiptar\u00ebve t\u00eb bashkuar p\u00ebr liri dhe demokraci. Populli nuk ndalet e kan\u00eb t\u00eb kot. Opozita nuk ndalet. Jav\u00eb pas jave, q\u00eb nga dita kur Rama e mori pushtetin me bandat e krimit \u00ebsht\u00eb asgj\u00ebsuar \u00e7do institucion. N\u00eb ato karrige ulen figurina q\u00eb jan\u00eb zgjedhur nga krimi dhe jo vota e lir\u00eb e shqiptar\u00ebve. Ata p\u00ebrfaq\u00ebsojn\u00eb llumin e k\u00ebtij vendi.\u00a0<\/em><\/p>\n<p><em>Nga Parlamenti i krimit ka dal\u00eb nj\u00eb qeveri e krimit. E gjith\u00eb Shqip\u00ebria \u00ebsht\u00eb e bashkuar kund\u00ebr nj\u00eb grupi kriminel\u00ebsh. Junta e krimit i ka or\u00ebt e num\u00ebruara. Maduro i Ballkanit i ka or\u00ebt e num\u00ebruara.<\/em><\/p>\n<p>Basha riktheu v\u00ebmendjen edhe nga helmimi i student\u00ebve t\u00eb PPE q\u00eb dit\u00ebn e djeshme ishin n\u00eb Tiran\u00eb dhe disa prej tyre p\u00ebrfunduan n\u00eb spital. Ai theksoi se p\u00ebr ta si dhe shum\u00eb t\u00eb helmuar t\u00eb tjer\u00eb do t\u00eb mbahet p\u00ebrgjegj\u00ebsi.<\/p>\n<p>Nd\u00ebrsa ftoi qytetar\u00ebt t\u2019i bashkohen protest\u00ebs s\u00eb nes\u00ebrme t\u00eb opozit\u00ebs n\u00eb or\u00ebn 18:30, Basha p\u00ebrjashtoi nga protesta ata q\u00eb a ii ka quajtur pseudo-intelektual\u00ebt.<\/p>\n<p><strong>Basha:<\/strong>\u00a0<em>Dhunuan dje edhe t\u00eb rinjt\u00eb e ardhur nga BE. I helmuan me gaz sepse ishin n\u00eb krahun ton\u00eb. P\u00ebr k\u00ebt\u00eb p\u00ebrgjigjia nuk do t\u00eb mungoj\u00eb. Junta i ka or\u00ebt e num\u00ebruara. Populli shqiptar nuk ndalet. Cdo dit\u00eb beteja do t\u00eb vazhdoj\u00eb e fuqishme, n\u00eb cdo rrug\u00eb, cdo nat\u00eb. Ju b\u00ebj thirrje t\u00eb gjithve ti bashkoheni protest\u00ebs.\u00a0<\/em><\/p>\n<p><em>Pseudo intelektual\u00ebt nuk kan\u00eb vend n\u00eb protest\u00ebn ton\u00eb. Ata le t\u00eb rrin\u00eb t\u00eb han\u00eb n\u00eb oturak\u00ebt e Edi Ram\u00ebs. Kjo \u00ebsht\u00eb nj\u00eb betej\u00eb jo vet\u00ebm sasiore, por edhe cil\u00ebsore. Ne jemi mazhoranca e vlerave.<\/em><\/p>\n<p><em>Nes\u00ebr n\u00eb 18:30 t\u00eb gjith\u00eb s\u00ebbashku k\u00ebtu n\u00eb k\u00ebt\u00eb shesh p\u00ebr t\u00eb mposhtur k\u00ebt\u00eb junt\u00eb.\u00a0<\/em><\/p>\n","protected":false},"excerpt":{"rendered":"<p>Kreu i demokrat\u00ebve, Lulzim Basha i \u00ebsht\u00eb bashkuar qytetar\u00ebve para drejtoris\u00eb s\u00eb Policis\u00eb s\u00eb Tiran\u00ebs, q\u00eb protestojn\u00eb p\u00ebr lirimin e t\u00eb arrestuarve mbr\u00ebmjen e djeshme. Basha theksoi se junta e krimit t\u00eb Edi Ram\u00ebs i ka or\u00ebt e num\u00ebruara. Basha:\u00a0Pak or\u00eb m\u00eb par\u00eb e gjith\u00eb qendra e Tiran\u00ebs u mbush nga doza luftarake t\u00eb gazit [&hellip;]<\/p>\n","protected":false},"author":2013,"featured_media":83600,"comment_status":"open","ping_status":"closed","sticky":false,"template":"","format":"standard","meta":{"footnotes":""},"categories":[241,235],"tags":[],"class_list":{"0":"post-83599","1":"post","2":"type-post","3":"status-publish","4":"format-standard","5":"has-post-thumbnail","7":"category-aktualitet","8":"category-vendi"},"_links":{"self":[{"href":"https:\/\/zjarr.tv\/sq\/wp-json\/wp\/v2\/posts\/83599","targetHints":{"allow":["GET"]}}],"collection":[{"href":"https:\/\/zjarr.tv\/sq\/wp-json\/wp\/v2\/posts"}],"about":[{"href":"https:\/\/zjarr.tv\/sq\/wp-json\/wp\/v2\/types\/post"}],"author":[{"embeddable":true,"href":"https:\/\/zjarr.tv\/sq\/wp-json\/wp\/v2\/users\/2013"}],"replies":[{"embeddable":true,"href":"https:\/\/zjarr.tv\/sq\/wp-json\/wp\/v2\/comments?post=83599"}],"version-history":[{"count":0,"href":"https:\/\/zjarr.tv\/sq\/wp-json\/wp\/v2\/posts\/83599\/revisions"}],"wp:featuredmedia":[{"embeddable":true,"href":"https:\/\/zjarr.tv\/sq\/wp-json\/wp\/v2\/media\/83600"}],"wp:attachment":[{"href":"https:\/\/zjarr.tv\/sq\/wp-json\/wp\/v2\/media?parent=83599"}],"wp:term":[{"taxonomy":"category","embeddable":true,"href":"https:\/\/zjarr.tv\/sq\/wp-json\/wp\/v2\/categories?post=83599"},{"taxonomy":"post_tag","embeddable":true,"href":"https:\/\/zjarr.tv\/sq\/wp-json\/wp\/v2\/tags?post=83599"}],"curies":[{"name":"wp","href":"https:\/\/api.w.org\/{rel}","templated":true}]}}