{"id":83603,"date":"2019-05-12T12:57:47","date_gmt":"2019-05-12T10:57:47","guid":{"rendered":"https:\/\/zjarr.tv\/?p=83603"},"modified":"2019-05-12T12:57:47","modified_gmt":"2019-05-12T10:57:47","slug":"balliu-rames-sdo-gjesh-vrime-ku-te-futesh","status":"publish","type":"post","link":"https:\/\/zjarr.tv\/sq\/balliu-rames-sdo-gjesh-vrime-ku-te-futesh\/","title":{"rendered":"Balliu-Ram\u00ebs: S\u2019do gjesh vrim\u00eb ku t\u00eb futesh"},"content":{"rendered":"<p>Ish-deputeti i Partis\u00eb Demokratike, Klevis Balliu i pranish\u00ebm n\u00eb protetst\u00ebn tek Drejtoria e Policis\u00eb s\u00eb Tiran\u00ebs tha se kryeministri Edi Rama iu ka shpall\u00eb luft\u00eb qytetar\u00ebve shqiptar\u00eb. Ai hodhi akuza t\u00eb forta, nd\u00ebrsa tha se protesta e dit\u00ebs s\u00eb nes\u00ebrme do t\u00eb jet\u00eb nj\u00eb \u201cluft\u00eb\u201d p\u00ebrball\u00eb qeveris\u00eb, e cila sipas tij po dhunon n\u00eb m\u00ebnyr\u00eb barbare qytetar\u00ebt e vet.<\/p>\n<p>\u201cDuhet denoncuar dhuna me urdh\u00ebr politike ndaj\u00a0 qytetar\u00ebve dhe Sahit Dollapit. Ata iu sul\u00ebn si qen Sahit Dollapit, por ai ka qen\u00eb n\u00eb front t\u00eb protest\u00ebs p\u00ebr t\u00eb mbrojtur edhe policin\u00eb. Ajo q\u00eb \u00ebsht\u00eb m\u00eb e r\u00ebnd\u00ebsishme \u00ebsht\u00eb fakti se vet\u00eb Edi Rama iu jep urdh\u00ebr publikisht policis\u00eb t\u00eb grushtoj\u00eb qytetar\u00ebve. \u00a0Un\u00eb iu b\u00ebj thirrje q\u00eb kudo q\u00eb ta shohin ta marrim zvarr\u00eb dhe ta hedhin n\u00eb koshin e mbeturinave. Ai i ka shpall luft\u00eb qytetar\u00ebve. Edi Rama nuk do ta shijojn\u00eb pensioni, dhe parat\u00eb do t\u2019i harxhoj\u00eb dyerve t\u00eb gjykat\u00ebs. K\u00ebtu nuk ka protesta, por revolt\u00eb komb\u00ebtare. Jemi n\u00eb gjendje lufte, sepse kryeministri iu ka shpallur luft\u00eb qytetar\u00ebve. Ai duhet t\u00eb kishte dh\u00ebn\u00eb\u00a0 dor\u00ebheqjen p\u00ebr shum\u00eb arsye. Dhunimi \u00ebsht\u00eb i pafalsh\u00ebm dhe ne nuk do t\u2019ia falim lot\u00ebt e n\u00ebnave shqiptare. Nes\u00ebr vazhdon lufta kund\u00ebr atij q\u00eb ka dhunuar qytetar\u00ebt. Rama nuk do t\u00eb k\u00ebt\u00eb vrim\u00eb miu ku t\u00eb futet\u201d-tha Balliu.<\/p>\n","protected":false},"excerpt":{"rendered":"<p>Ish-deputeti i Partis\u00eb Demokratike, Klevis Balliu i pranish\u00ebm n\u00eb protetst\u00ebn tek Drejtoria e Policis\u00eb s\u00eb Tiran\u00ebs tha se kryeministri Edi Rama iu ka shpall\u00eb luft\u00eb qytetar\u00ebve shqiptar\u00eb. Ai hodhi akuza t\u00eb forta, nd\u00ebrsa tha se protesta e dit\u00ebs s\u00eb nes\u00ebrme do t\u00eb jet\u00eb nj\u00eb \u201cluft\u00eb\u201d p\u00ebrball\u00eb qeveris\u00eb, e cila sipas tij po dhunon n\u00eb m\u00ebnyr\u00eb [&hellip;]<\/p>\n","protected":false},"author":2013,"featured_media":52891,"comment_status":"open","ping_status":"closed","sticky":false,"template":"","format":"standard","meta":{"footnotes":""},"categories":[241,235],"tags":[],"class_list":{"0":"post-83603","1":"post","2":"type-post","3":"status-publish","4":"format-standard","5":"has-post-thumbnail","7":"category-aktualitet","8":"category-vendi"},"_links":{"self":[{"href":"https:\/\/zjarr.tv\/sq\/wp-json\/wp\/v2\/posts\/83603","targetHints":{"allow":["GET"]}}],"collection":[{"href":"https:\/\/zjarr.tv\/sq\/wp-json\/wp\/v2\/posts"}],"about":[{"href":"https:\/\/zjarr.tv\/sq\/wp-json\/wp\/v2\/types\/post"}],"author":[{"embeddable":true,"href":"https:\/\/zjarr.tv\/sq\/wp-json\/wp\/v2\/users\/2013"}],"replies":[{"embeddable":true,"href":"https:\/\/zjarr.tv\/sq\/wp-json\/wp\/v2\/comments?post=83603"}],"version-history":[{"count":0,"href":"https:\/\/zjarr.tv\/sq\/wp-json\/wp\/v2\/posts\/83603\/revisions"}],"wp:featuredmedia":[{"embeddable":true,"href":"https:\/\/zjarr.tv\/sq\/wp-json\/wp\/v2\/media\/52891"}],"wp:attachment":[{"href":"https:\/\/zjarr.tv\/sq\/wp-json\/wp\/v2\/media?parent=83603"}],"wp:term":[{"taxonomy":"category","embeddable":true,"href":"https:\/\/zjarr.tv\/sq\/wp-json\/wp\/v2\/categories?post=83603"},{"taxonomy":"post_tag","embeddable":true,"href":"https:\/\/zjarr.tv\/sq\/wp-json\/wp\/v2\/tags?post=83603"}],"curies":[{"name":"wp","href":"https:\/\/api.w.org\/{rel}","templated":true}]}}