{"id":83605,"date":"2019-05-12T12:59:21","date_gmt":"2019-05-12T10:59:21","guid":{"rendered":"https:\/\/zjarr.tv\/?p=83605"},"modified":"2019-05-12T12:59:21","modified_gmt":"2019-05-12T10:59:21","slug":"paloka-ai-qe-dhunoi-sahit-dollapin-eshte-nje-kriminel-do-ta-shihni-shpejt","status":"publish","type":"post","link":"https:\/\/zjarr.tv\/sq\/paloka-ai-qe-dhunoi-sahit-dollapin-eshte-nje-kriminel-do-ta-shihni-shpejt\/","title":{"rendered":"Paloka: Ai q\u00eb dhunoi Sahit Dollapin \u00ebsht\u00eb nj\u00eb kriminel, do ta shihni shpejt"},"content":{"rendered":"<p>Vijon protesta e opozit\u00ebs para Polics\u00eb s\u00eb Tiran\u00ebs ku k\u00ebrkohet lirimi i qytetar\u00ebve q\u00eb jan\u00eb arrestuar mbr\u00ebmjen e djeshme. Ish-deputeti i PD-s\u00eb, Edi Paloka u shpreh se Rama i ka shpallur luft\u00eb popullit, nd\u00ebrsa theksoi se ai q\u00eb dhunoi sekretarin oragnizativ t\u00eb PD-s\u00eb, Sahit Dollapi \u00ebsht\u00eb nj\u00eb kriminel<\/p>\n<p><strong>Paloka:<\/strong><em>\u00a0PD mori nj\u00eb vendim p\u00ebr t\u00eb zhvilluar nj\u00eb tubim, ndaj dhun\u00eb s\u00eb ushtruar mbr\u00ebm\u00eb nga policia ndaj qytear\u00ebve protestuesve dhe atyre q\u00eb nuk kan\u00eb pasur lidhje me protest\u00ebn. Urdhi ka qen\u00eb p\u00ebr terror dhe bishat e tij n\u00eb polici q\u00eb nuk jan\u00eb p\u00ebr interesat e shqiptar\u00ebve u sul\u00ebn dhe kan\u00eb ushtruar dhun\u00eb dhe terror. Ka skena q\u00eb jan\u00eb filmuar nga qytetar\u00eb q\u00eb jan\u00eb n\u00eb kafe p\u00ebr ti treguar t\u00eb krye\u00e7mendurit q\u00eb po e b\u00ebjn\u00eb pun\u00ebn e tyre. Situata po precipiton. Nuk ishin protestuesit q\u00eb ushtruan dhun\u00eb dje. Ai q\u00eb dhunoi Dollapin do ta merrni vesh shum\u00eb shpejt q\u00eb \u00ebsht\u00eb nj\u00eb kriminel.Rama i ka shpallur luft\u00eb popullit.\u00a0<\/em><\/p>\n<p>&nbsp;<\/p>\n","protected":false},"excerpt":{"rendered":"<p>Vijon protesta e opozit\u00ebs para Polics\u00eb s\u00eb Tiran\u00ebs ku k\u00ebrkohet lirimi i qytetar\u00ebve q\u00eb jan\u00eb arrestuar mbr\u00ebmjen e djeshme. Ish-deputeti i PD-s\u00eb, Edi Paloka u shpreh se Rama i ka shpallur luft\u00eb popullit, nd\u00ebrsa theksoi se ai q\u00eb dhunoi sekretarin oragnizativ t\u00eb PD-s\u00eb, Sahit Dollapi \u00ebsht\u00eb nj\u00eb kriminel Paloka:\u00a0PD mori nj\u00eb vendim p\u00ebr t\u00eb zhvilluar [&hellip;]<\/p>\n","protected":false},"author":2013,"featured_media":65761,"comment_status":"open","ping_status":"closed","sticky":false,"template":"","format":"standard","meta":{"footnotes":""},"categories":[241,235],"tags":[],"class_list":{"0":"post-83605","1":"post","2":"type-post","3":"status-publish","4":"format-standard","5":"has-post-thumbnail","7":"category-aktualitet","8":"category-vendi"},"_links":{"self":[{"href":"https:\/\/zjarr.tv\/sq\/wp-json\/wp\/v2\/posts\/83605","targetHints":{"allow":["GET"]}}],"collection":[{"href":"https:\/\/zjarr.tv\/sq\/wp-json\/wp\/v2\/posts"}],"about":[{"href":"https:\/\/zjarr.tv\/sq\/wp-json\/wp\/v2\/types\/post"}],"author":[{"embeddable":true,"href":"https:\/\/zjarr.tv\/sq\/wp-json\/wp\/v2\/users\/2013"}],"replies":[{"embeddable":true,"href":"https:\/\/zjarr.tv\/sq\/wp-json\/wp\/v2\/comments?post=83605"}],"version-history":[{"count":0,"href":"https:\/\/zjarr.tv\/sq\/wp-json\/wp\/v2\/posts\/83605\/revisions"}],"wp:featuredmedia":[{"embeddable":true,"href":"https:\/\/zjarr.tv\/sq\/wp-json\/wp\/v2\/media\/65761"}],"wp:attachment":[{"href":"https:\/\/zjarr.tv\/sq\/wp-json\/wp\/v2\/media?parent=83605"}],"wp:term":[{"taxonomy":"category","embeddable":true,"href":"https:\/\/zjarr.tv\/sq\/wp-json\/wp\/v2\/categories?post=83605"},{"taxonomy":"post_tag","embeddable":true,"href":"https:\/\/zjarr.tv\/sq\/wp-json\/wp\/v2\/tags?post=83605"}],"curies":[{"name":"wp","href":"https:\/\/api.w.org\/{rel}","templated":true}]}}