{"id":83611,"date":"2019-05-12T13:05:38","date_gmt":"2019-05-12T11:05:38","guid":{"rendered":"https:\/\/zjarr.tv\/?p=83611"},"modified":"2019-05-12T13:05:38","modified_gmt":"2019-05-12T11:05:38","slug":"rama-urdheron-arta-markun-qe-opozita-te-hetohet-nga-krimet-e-renda","status":"publish","type":"post","link":"https:\/\/zjarr.tv\/sq\/rama-urdheron-arta-markun-qe-opozita-te-hetohet-nga-krimet-e-renda\/","title":{"rendered":"Rama urdh\u00ebron Arta Markun q\u00eb opozita t\u00eb hetohet nga krimet e r\u00ebnda"},"content":{"rendered":"<p>Burime nga prokuroria b\u00ebjn\u00eb t\u00eb ditur se kryeministri Edi Rama i ka k\u00ebrkuar Prokurores s\u00eb P\u00ebrgjithshme t\u00eb P\u00ebrkohshme q\u00eb, n\u00eb shkelje t\u00eb ligjit, hetimi i protest\u00ebs s\u00eb PD t\u2019i kaloje Krimeve t\u00eb R\u00ebnda.<\/p>\n<p>Te nj\u00ebjtat burime shpjegojne se Arta Marku deri tani nuk e ka pranuar si te mundur k\u00ebt\u00eb gj\u00eb, pasi ajo tejkalon cdo kompetence ligjore dhe eshte shkelje flagrante e ligjit. Ndoshta p\u00ebr k\u00ebt\u00eb arsye, kryeprokurorja vazhdon t\u00eb jet\u00eb n\u00eb zyr\u00ebn e kryeministrit.<\/p>\n<p>Makina e saj, t\u00eb cil\u00ebn nuk e p\u00ebrdor cdo dit\u00eb, \u00ebsht\u00eb futur ne Kryeministri n\u00eb or\u00ebn 9 t\u00eb m\u00ebngjesit.<\/p>\n","protected":false},"excerpt":{"rendered":"<p>Burime nga prokuroria b\u00ebjn\u00eb t\u00eb ditur se kryeministri Edi Rama i ka k\u00ebrkuar Prokurores s\u00eb P\u00ebrgjithshme t\u00eb P\u00ebrkohshme q\u00eb, n\u00eb shkelje t\u00eb ligjit, hetimi i protest\u00ebs s\u00eb PD t\u2019i kaloje Krimeve t\u00eb R\u00ebnda. Te nj\u00ebjtat burime shpjegojne se Arta Marku deri tani nuk e ka pranuar si te mundur k\u00ebt\u00eb gj\u00eb, pasi ajo tejkalon cdo [&hellip;]<\/p>\n","protected":false},"author":2013,"featured_media":83612,"comment_status":"open","ping_status":"closed","sticky":false,"template":"","format":"standard","meta":{"footnotes":""},"categories":[241,235],"tags":[],"class_list":{"0":"post-83611","1":"post","2":"type-post","3":"status-publish","4":"format-standard","5":"has-post-thumbnail","7":"category-aktualitet","8":"category-vendi"},"_links":{"self":[{"href":"https:\/\/zjarr.tv\/sq\/wp-json\/wp\/v2\/posts\/83611","targetHints":{"allow":["GET"]}}],"collection":[{"href":"https:\/\/zjarr.tv\/sq\/wp-json\/wp\/v2\/posts"}],"about":[{"href":"https:\/\/zjarr.tv\/sq\/wp-json\/wp\/v2\/types\/post"}],"author":[{"embeddable":true,"href":"https:\/\/zjarr.tv\/sq\/wp-json\/wp\/v2\/users\/2013"}],"replies":[{"embeddable":true,"href":"https:\/\/zjarr.tv\/sq\/wp-json\/wp\/v2\/comments?post=83611"}],"version-history":[{"count":0,"href":"https:\/\/zjarr.tv\/sq\/wp-json\/wp\/v2\/posts\/83611\/revisions"}],"wp:featuredmedia":[{"embeddable":true,"href":"https:\/\/zjarr.tv\/sq\/wp-json\/wp\/v2\/media\/83612"}],"wp:attachment":[{"href":"https:\/\/zjarr.tv\/sq\/wp-json\/wp\/v2\/media?parent=83611"}],"wp:term":[{"taxonomy":"category","embeddable":true,"href":"https:\/\/zjarr.tv\/sq\/wp-json\/wp\/v2\/categories?post=83611"},{"taxonomy":"post_tag","embeddable":true,"href":"https:\/\/zjarr.tv\/sq\/wp-json\/wp\/v2\/tags?post=83611"}],"curies":[{"name":"wp","href":"https:\/\/api.w.org\/{rel}","templated":true}]}}