{"id":83614,"date":"2019-05-12T13:07:34","date_gmt":"2019-05-12T11:07:34","guid":{"rendered":"https:\/\/zjarr.tv\/?p=83614"},"modified":"2019-05-12T13:07:34","modified_gmt":"2019-05-12T11:07:34","slug":"84-te-proceduar-per-aktet-e-dhunes-ndaj-punonjesve-te-policise","status":"publish","type":"post","link":"https:\/\/zjarr.tv\/sq\/84-te-proceduar-per-aktet-e-dhunes-ndaj-punonjesve-te-policise\/","title":{"rendered":"84 t\u00eb proceduar p\u00ebr aktet e dhun\u00ebs ndaj punonj\u00ebsve t\u00eb Policis\u00eb"},"content":{"rendered":"<p>Tiran\u00eb \u2013 84 t\u00eb proceduar p\u00ebr aktet e dhun\u00ebs ndaj punonj\u00ebsve t\u00eb Policis\u00eb dhe institucioneve shtet\u00ebrore n\u00eb protest\u00ebn e djeshme t\u00eb opozit\u00ebs, 50 nd\u00ebr ta, t\u00eb arrestuar.<\/p>\n<p>N\u00eb dat\u00eb 11 Maj 2019, rreth or\u00ebs 18:30 subjektet politike Partia Demokratike dhe L\u00ebvizja Socialiste p\u00ebr Integrim kan\u00eb zhvilluar tubim n\u00eb Bulevardin\u201d D\u00ebshmor\u00ebt e Kombit\u201d para Kryeministris\u00eb e vijuan n\u00eb rrug\u00ebn \u201cGeorge W. Bush\u201d, p\u00ebrball\u00eb institucionit t\u00eb Parlamentit t\u00eb Shqip\u00ebris\u00eb.<\/p>\n<p>M\u00eb pas tek Drejtoria Vendore e Policis\u00eb Tiran\u00eb, k\u00ebtu pa marr\u00eb leje n\u00eb organet kompetente.<\/p>\n<p>Gjat\u00eb zhvillimit t\u00eb tubimit si para Kryeministris\u00eb dhe m\u00eb pas n\u00eb rrug\u00ebn \u201cGeorge W. Bush\u201d si dhe tek Drejtoria Vendore e Policis\u00eb, pjes\u00ebmarr\u00ebsit n\u00eb tubim kan\u00eb kund\u00ebrshtuar, goditur me mjete t\u00eb forta, fishekzjarre, tymuese dhe sidomos tek Kryeministria e Parlamenti me bomba molotov punonj\u00ebsit e Policis\u00eb, t\u00eb cil\u00ebt kan\u00eb qen\u00eb t\u00eb planizuar me sh\u00ebrbim.<\/p>\n<p>Nga goditjet, kund\u00ebrshtimet dhe p\u00ebrdorimi i l\u00ebnd\u00ebve piroteknike, sendeve t\u00eb forta dhe bombave molotov kan\u00eb mbetur t\u00eb plagosur 16 punonj\u00ebs t\u00eb Policis\u00eb, t\u00eb cil\u00ebt mor\u00ebn ndihm\u00ebn n\u00eb spitalin e Traum\u00ebs.<\/p>\n<p>N\u00eb t\u00eb gjitha ambientet e p\u00ebrmendura protestuesit si pasoj\u00eb e p\u00ebrdorimit t\u00eb bombave molotov, fishekzjarreve, kapsollave e sendeve t\u00eb tjera kan\u00eb shkaktuar d\u00ebme t\u00eb konsiderueshme si tek dyert dhe ambjentet e Kryeministris\u00eb, t\u00eb selis\u00eb s\u00eb Kuvendit, tek selia e seancave parlamentare, tek dyert e Ministris\u00eb s\u00eb Brendshme, kane thyer e shkaterruar ambientet e disa subjekteve private e publike, si dhe tek godina e Kryeministrise kane hedhur boj\u00eb ne pjesen e murit nga ana e Bulevardit.<\/p>\n<p>Bazuar n\u00eb prova, pamje filmike, raporte sh\u00ebrbimi u arrestuan n\u00eb flagranc\u00eb 50 persona, per kryerjen e veprave penale \u201cKundershtimi i punonjesit te policise se rendit publik\u201d, \u201cGoditje per shkak te detyres\u201d \u201cPrishja e qetesise publike\u201d, \u201cShkaterrimit te prones me zjarr\u201d dhe \u201cShkelja e rregullave mbi lendet plasese, djegese dhe radioaktive\u201d.<\/p>\n<p>Jan\u00eb proceduar n\u00eb gjendje t\u00eb lir\u00eb p\u00ebr vepr\u00ebn penale \u201cOrganizimi dhe pjes\u00ebmarrja n\u00eb grumbullime e manifestime t\u00eb paligjshme\u201d 3 shtetasit G.B., F.N. e G.S., banues n\u00eb Tiran\u00eb.<\/p>\n<p>Jan\u00eb proceduar gjithashtu n\u00eb gjendje t\u00eb lir\u00eb edhe 31 persona p\u00ebr veprat penale \u201cKund\u00ebrshtimi i punonj\u00ebsit t\u00eb policis\u00eb s\u00eb rendit publik\u201d, \u201cGoditje p\u00ebr shkak t\u00eb detyr\u00ebs\u201d \u201cPrishja e qet\u00ebsis\u00eb publike\u201d, \u201cShkat\u00ebrrimi i pron\u00ebs me zjarr\u201d dhe \u201dShkelja e rregullave mbi l\u00ebnd\u00ebt plas\u00ebse, djeg\u00ebse dhe radioaktive\u201d.<\/p>\n<p>Grupi hetimor po vijon pun\u00ebn p\u00ebr identifikimin e persona t\u00eb tjer\u00eb t\u00eb dyshuar p\u00ebr kryerjen e veprimeve t\u00eb kundraligjshme n\u00eb k\u00ebt\u00eb protest\u00eb t\u00eb dhunshme.<\/p>\n<p>Materialet procedurale do t\u2019i referohen Prokuroris\u00eb s\u00eb Rrethit Gjyq\u00ebsor Tiran\u00eb, p\u00ebr veprime t\u00eb m\u00ebtejshme.<\/p>\n<p>&nbsp;<\/p>\n","protected":false},"excerpt":{"rendered":"<p>Tiran\u00eb \u2013 84 t\u00eb proceduar p\u00ebr aktet e dhun\u00ebs ndaj punonj\u00ebsve t\u00eb Policis\u00eb dhe institucioneve shtet\u00ebrore n\u00eb protest\u00ebn e djeshme t\u00eb opozit\u00ebs, 50 nd\u00ebr ta, t\u00eb arrestuar. N\u00eb dat\u00eb 11 Maj 2019, rreth or\u00ebs 18:30 subjektet politike Partia Demokratike dhe L\u00ebvizja Socialiste p\u00ebr Integrim kan\u00eb zhvilluar tubim n\u00eb Bulevardin\u201d D\u00ebshmor\u00ebt e Kombit\u201d para Kryeministris\u00eb e [&hellip;]<\/p>\n","protected":false},"author":2013,"featured_media":83550,"comment_status":"open","ping_status":"closed","sticky":false,"template":"","format":"standard","meta":{"footnotes":""},"categories":[241,235],"tags":[],"class_list":{"0":"post-83614","1":"post","2":"type-post","3":"status-publish","4":"format-standard","5":"has-post-thumbnail","7":"category-aktualitet","8":"category-vendi"},"_links":{"self":[{"href":"https:\/\/zjarr.tv\/sq\/wp-json\/wp\/v2\/posts\/83614","targetHints":{"allow":["GET"]}}],"collection":[{"href":"https:\/\/zjarr.tv\/sq\/wp-json\/wp\/v2\/posts"}],"about":[{"href":"https:\/\/zjarr.tv\/sq\/wp-json\/wp\/v2\/types\/post"}],"author":[{"embeddable":true,"href":"https:\/\/zjarr.tv\/sq\/wp-json\/wp\/v2\/users\/2013"}],"replies":[{"embeddable":true,"href":"https:\/\/zjarr.tv\/sq\/wp-json\/wp\/v2\/comments?post=83614"}],"version-history":[{"count":0,"href":"https:\/\/zjarr.tv\/sq\/wp-json\/wp\/v2\/posts\/83614\/revisions"}],"wp:featuredmedia":[{"embeddable":true,"href":"https:\/\/zjarr.tv\/sq\/wp-json\/wp\/v2\/media\/83550"}],"wp:attachment":[{"href":"https:\/\/zjarr.tv\/sq\/wp-json\/wp\/v2\/media?parent=83614"}],"wp:term":[{"taxonomy":"category","embeddable":true,"href":"https:\/\/zjarr.tv\/sq\/wp-json\/wp\/v2\/categories?post=83614"},{"taxonomy":"post_tag","embeddable":true,"href":"https:\/\/zjarr.tv\/sq\/wp-json\/wp\/v2\/tags?post=83614"}],"curies":[{"name":"wp","href":"https:\/\/api.w.org\/{rel}","templated":true}]}}