{"id":83616,"date":"2019-05-12T13:09:23","date_gmt":"2019-05-12T11:09:23","guid":{"rendered":"https:\/\/zjarr.tv\/?p=83616"},"modified":"2019-05-12T13:09:23","modified_gmt":"2019-05-12T11:09:23","slug":"protesta-e-opozites-rama-jep-njoftimin-e-rendesishem","status":"publish","type":"post","link":"https:\/\/zjarr.tv\/sq\/protesta-e-opozites-rama-jep-njoftimin-e-rendesishem\/","title":{"rendered":"Protesta e opozit\u00ebs, Rama jep njoftimin e r\u00ebnd\u00ebsish\u00ebm"},"content":{"rendered":"<p>Pak or\u00eb pas protest\u00ebs s\u00eb opozit\u00ebs e cila u mbyll n\u00eb or\u00ebt e para t\u00eb m\u00ebngjesit t\u00eb k\u00ebsaj t\u00eb diele, ka reaguar Edi Rama, ku p\u00ebrmes nj\u00eb postimi n\u00eb Twitter, ka njoftuar se n\u00eb or\u00ebn 14:00 do t\u00eb mbaj\u00eb nj\u00eb konferenc\u00eb p\u00ebr mediat.<\/p>\n<p>Ai shkruan se konferenca p\u00ebr gazetar\u00ebt vjen n\u00eb momentet kur sipas tij \u201ckur nj\u00eb grupim i d\u00ebshp\u00ebruar politik orvatet m\u00eb kot t\u00eb imponohet p\u00ebrmes dhun\u00ebs s\u00eb verb\u00ebr, n\u00eb qorrsokakun pa rrug\u00ebdalje t\u00eb d\u00ebshtimit ku ka hyr\u00eb me k\u00ebmb\u00ebt e veta\u201d.<\/p>\n<p><strong>Postimi i plot\u00eb:<\/strong><\/p>\n<p><em>N\u00eb 14.00 me gazetar\u00ebt p\u00ebr t\u00eb komunikuar me opinionin publik n\u00eb k\u00ebto momente,kur nj\u00eb grupim i d\u00ebshp\u00ebruar politik orvatet m\u00eb kot t\u00eb imponohet p\u00ebrmes dhun\u00ebs s\u00eb verb\u00ebr, n\u00eb qorrsokakun pa rrug\u00ebdalje t\u00eb d\u00ebshtimit ku ka hyr\u00eb me k\u00ebmb\u00ebt e veta #Qet\u00ebsidheVendosm\u00ebri p\u00ebr Shqip\u00ebrin\u00eb q\u00eb duam.<\/em><\/p>\n<p>&nbsp;<\/p>\n","protected":false},"excerpt":{"rendered":"<p>Pak or\u00eb pas protest\u00ebs s\u00eb opozit\u00ebs e cila u mbyll n\u00eb or\u00ebt e para t\u00eb m\u00ebngjesit t\u00eb k\u00ebsaj t\u00eb diele, ka reaguar Edi Rama, ku p\u00ebrmes nj\u00eb postimi n\u00eb Twitter, ka njoftuar se n\u00eb or\u00ebn 14:00 do t\u00eb mbaj\u00eb nj\u00eb konferenc\u00eb p\u00ebr mediat. Ai shkruan se konferenca p\u00ebr gazetar\u00ebt vjen n\u00eb momentet kur sipas tij [&hellip;]<\/p>\n","protected":false},"author":2013,"featured_media":69859,"comment_status":"open","ping_status":"closed","sticky":false,"template":"","format":"standard","meta":{"footnotes":""},"categories":[241,235],"tags":[],"class_list":{"0":"post-83616","1":"post","2":"type-post","3":"status-publish","4":"format-standard","5":"has-post-thumbnail","7":"category-aktualitet","8":"category-vendi"},"_links":{"self":[{"href":"https:\/\/zjarr.tv\/sq\/wp-json\/wp\/v2\/posts\/83616","targetHints":{"allow":["GET"]}}],"collection":[{"href":"https:\/\/zjarr.tv\/sq\/wp-json\/wp\/v2\/posts"}],"about":[{"href":"https:\/\/zjarr.tv\/sq\/wp-json\/wp\/v2\/types\/post"}],"author":[{"embeddable":true,"href":"https:\/\/zjarr.tv\/sq\/wp-json\/wp\/v2\/users\/2013"}],"replies":[{"embeddable":true,"href":"https:\/\/zjarr.tv\/sq\/wp-json\/wp\/v2\/comments?post=83616"}],"version-history":[{"count":0,"href":"https:\/\/zjarr.tv\/sq\/wp-json\/wp\/v2\/posts\/83616\/revisions"}],"wp:featuredmedia":[{"embeddable":true,"href":"https:\/\/zjarr.tv\/sq\/wp-json\/wp\/v2\/media\/69859"}],"wp:attachment":[{"href":"https:\/\/zjarr.tv\/sq\/wp-json\/wp\/v2\/media?parent=83616"}],"wp:term":[{"taxonomy":"category","embeddable":true,"href":"https:\/\/zjarr.tv\/sq\/wp-json\/wp\/v2\/categories?post=83616"},{"taxonomy":"post_tag","embeddable":true,"href":"https:\/\/zjarr.tv\/sq\/wp-json\/wp\/v2\/tags?post=83616"}],"curies":[{"name":"wp","href":"https:\/\/api.w.org\/{rel}","templated":true}]}}