{"id":83638,"date":"2019-05-12T14:21:04","date_gmt":"2019-05-12T12:21:04","guid":{"rendered":"https:\/\/zjarr.tv\/?p=83638"},"modified":"2019-05-12T14:21:04","modified_gmt":"2019-05-12T12:21:04","slug":"holanda-i-jep-azil-ish-oficerit-qe-ndaloi-makinen-e-saimir-tahirit","status":"publish","type":"post","link":"https:\/\/zjarr.tv\/sq\/holanda-i-jep-azil-ish-oficerit-qe-ndaloi-makinen-e-saimir-tahirit\/","title":{"rendered":"Holanda i jep azil ish-oficerit q\u00eb ndaloi makin\u00ebn e Saimir Tahirit"},"content":{"rendered":"<p>Ish-oficeri i policis\u00eb s\u00eb qarkullimit t\u00eb Fierit, Antonio Nazeraj, personi q\u00eb ndaloi makin\u00ebn \u201cAudi\u201d q\u00eb p\u00ebrdorej nga v\u00ebllez\u00ebrit Habilaj, por q\u00eb ishte n\u00eb pron\u00ebsi t\u00eb ish-ministrit t\u00eb Brendsh\u00ebm, Saimir Tahiri ka fituar azilin politik n\u00eb Holand\u00eb.<\/p>\n<p>Vet\u00eb Nazeraj e ka konfirmuar vet\u00eb k\u00ebt\u00eb lajm, teksa \u00ebsht\u00eb shprehur i lumtur q\u00eb Holanda e ka marr\u00eb n\u00eb mbrojtje at\u00eb dhe familjen e tij.<\/p>\n<p>Antonio Nazeraj n\u00eb vitin 2014 gjat\u00eb nj\u00eb kontrolli rutin\u00eb n\u00eb rrug\u00eb, ka ndaluar \u2018Audin\u2019 me targ\u00eb \u201cAA 003 GB\u201d dhe ka shoq\u00ebruar n\u00eb komisariat v\u00ebllez\u00ebrit Moisi dhe Artan Habilaj, t\u00eb cil\u00ebt udh\u00ebtonin me makin\u00ebn e ish-ministrit n\u00eb rrug\u00ebn Fier-Levan n\u00ebn shoq\u00ebrin\u00eb e dy vajzave.<\/p>\n<p>Ish-oficeri i qarkullimit t\u00eb Fierit, ka treguar m\u00eb pas gjat\u00eb nj\u00eb interviste se shoq\u00ebrimi i tyre n\u00eb komisariat nuk ka zgjatur as 10 minuta p\u00ebr shkak t\u00eb nd\u00ebrhyrjeve \u201cnga lart\u201d.<\/p>\n<p>Pas k\u00ebsaj ngjarje, Nazeraj \u00ebsht\u00eb v\u00ebn\u00eb n\u00ebn hetimin nga SH\u00c7BA-ja, nd\u00ebrkoh\u00eb q\u00eb ai ka deklaruar se ndaj tij \u00ebsht\u00eb inskenuar nj\u00eb rast korrupsioni dhe m\u00eb pas u realizua d\u00ebnimi i tij.<br \/>\nPas k\u00ebtij rasti Antonio Nazeraj dha dor\u00ebheqje nga Policia e Shtetit dhe u largua n\u00eb Holand\u00eb p\u00ebr t\u00eb k\u00ebrkuar azil.<\/p>\n<p>N\u00eb gusht t\u00eb vitit 2018 gjat\u00eb nj\u00eb interviste p\u00ebr median holandeze \u201cEenvandaag\u201d, Nazeraj shprehej i frik\u00ebsuar se n\u00ebse nuk merrte azilin, kthimi n\u00eb Shqip\u00ebri do t\u2019i kushtonte jet\u00ebn. \u201cKur t\u00eb kthehem n\u00eb Shqip\u00ebri, jam 100 p\u00ebr qind i vdekur\u201d, deklaronte Nazeraj.<\/p>\n<p>Por m\u00eb pas autoritetet holandeze vendos\u00ebn n\u00eb favor t\u00eb tij duke i dh\u00ebn\u00eb t\u00eb drejt\u00ebn p\u00ebr t\u00eb jetuar dhe punuar n\u00eb vendin e tyre.<\/p>\n<p>Sa i p\u00ebrket v\u00ebllez\u00ebrve Habilaj, aktualisht ata vuajn\u00eb d\u00ebnimin me burg n\u00eb Itali, nd\u00ebrsa n\u00eb Shqip\u00ebri vijon procesi gjyq\u00ebsor ndaj ish-ministrit Saimir Tahiri.<\/p>\n","protected":false},"excerpt":{"rendered":"<p>Ish-oficeri i policis\u00eb s\u00eb qarkullimit t\u00eb Fierit, Antonio Nazeraj, personi q\u00eb ndaloi makin\u00ebn \u201cAudi\u201d q\u00eb p\u00ebrdorej nga v\u00ebllez\u00ebrit Habilaj, por q\u00eb ishte n\u00eb pron\u00ebsi t\u00eb ish-ministrit t\u00eb Brendsh\u00ebm, Saimir Tahiri ka fituar azilin politik n\u00eb Holand\u00eb. Vet\u00eb Nazeraj e ka konfirmuar vet\u00eb k\u00ebt\u00eb lajm, teksa \u00ebsht\u00eb shprehur i lumtur q\u00eb Holanda e ka marr\u00eb n\u00eb [&hellip;]<\/p>\n","protected":false},"author":2013,"featured_media":83640,"comment_status":"open","ping_status":"closed","sticky":false,"template":"","format":"standard","meta":{"footnotes":""},"categories":[241,235],"tags":[],"class_list":{"0":"post-83638","1":"post","2":"type-post","3":"status-publish","4":"format-standard","5":"has-post-thumbnail","7":"category-aktualitet","8":"category-vendi"},"_links":{"self":[{"href":"https:\/\/zjarr.tv\/sq\/wp-json\/wp\/v2\/posts\/83638","targetHints":{"allow":["GET"]}}],"collection":[{"href":"https:\/\/zjarr.tv\/sq\/wp-json\/wp\/v2\/posts"}],"about":[{"href":"https:\/\/zjarr.tv\/sq\/wp-json\/wp\/v2\/types\/post"}],"author":[{"embeddable":true,"href":"https:\/\/zjarr.tv\/sq\/wp-json\/wp\/v2\/users\/2013"}],"replies":[{"embeddable":true,"href":"https:\/\/zjarr.tv\/sq\/wp-json\/wp\/v2\/comments?post=83638"}],"version-history":[{"count":0,"href":"https:\/\/zjarr.tv\/sq\/wp-json\/wp\/v2\/posts\/83638\/revisions"}],"wp:featuredmedia":[{"embeddable":true,"href":"https:\/\/zjarr.tv\/sq\/wp-json\/wp\/v2\/media\/83640"}],"wp:attachment":[{"href":"https:\/\/zjarr.tv\/sq\/wp-json\/wp\/v2\/media?parent=83638"}],"wp:term":[{"taxonomy":"category","embeddable":true,"href":"https:\/\/zjarr.tv\/sq\/wp-json\/wp\/v2\/categories?post=83638"},{"taxonomy":"post_tag","embeddable":true,"href":"https:\/\/zjarr.tv\/sq\/wp-json\/wp\/v2\/tags?post=83638"}],"curies":[{"name":"wp","href":"https:\/\/api.w.org\/{rel}","templated":true}]}}