{"id":83642,"date":"2019-05-12T14:22:12","date_gmt":"2019-05-12T12:22:12","guid":{"rendered":"https:\/\/zjarr.tv\/?p=83642"},"modified":"2019-05-12T14:22:12","modified_gmt":"2019-05-12T12:22:12","slug":"tirana-nis-te-vishet-kuq-tifoze-edhe-nga-kosova","status":"publish","type":"post","link":"https:\/\/zjarr.tv\/sq\/tirana-nis-te-vishet-kuq-tifoze-edhe-nga-kosova\/","title":{"rendered":"Tirana nis t\u00eb vishet kuq, tifoz\u00eb edhe nga Kosova"},"content":{"rendered":"<p>Duket se derbi i kryeqytetit ka mobilizuar tifoz\u00eb t\u00eb Partizanit nga e gjith\u00eb Shqip\u00ebria, madje edhe nga Kosova. N\u00eb t\u00eb gjith\u00eb kryeqytetin vihen re ngjyrat e kuqe t\u00eb ekipit t\u00eb Partizanit. Tifoz\u00ebt e kuq presin q\u00eb dit\u00ebn e sotme t\u00eb shpallen kampion, pik\u00ebrisht n\u00eb derbin p\u00ebrball\u00eb Tiran\u00ebs, shkruan Panorama Sport.<\/p>\n","protected":false},"excerpt":{"rendered":"<p>Duket se derbi i kryeqytetit ka mobilizuar tifoz\u00eb t\u00eb Partizanit nga e gjith\u00eb Shqip\u00ebria, madje edhe nga Kosova. N\u00eb t\u00eb gjith\u00eb kryeqytetin vihen re ngjyrat e kuqe t\u00eb ekipit t\u00eb Partizanit. Tifoz\u00ebt e kuq presin q\u00eb dit\u00ebn e sotme t\u00eb shpallen kampion, pik\u00ebrisht n\u00eb derbin p\u00ebrball\u00eb Tiran\u00ebs, shkruan Panorama Sport.<\/p>\n","protected":false},"author":2013,"featured_media":83639,"comment_status":"open","ping_status":"closed","sticky":false,"template":"","format":"standard","meta":{"footnotes":""},"categories":[241,192],"tags":[],"class_list":{"0":"post-83642","1":"post","2":"type-post","3":"status-publish","4":"format-standard","5":"has-post-thumbnail","7":"category-aktualitet","8":"category-sport"},"_links":{"self":[{"href":"https:\/\/zjarr.tv\/sq\/wp-json\/wp\/v2\/posts\/83642","targetHints":{"allow":["GET"]}}],"collection":[{"href":"https:\/\/zjarr.tv\/sq\/wp-json\/wp\/v2\/posts"}],"about":[{"href":"https:\/\/zjarr.tv\/sq\/wp-json\/wp\/v2\/types\/post"}],"author":[{"embeddable":true,"href":"https:\/\/zjarr.tv\/sq\/wp-json\/wp\/v2\/users\/2013"}],"replies":[{"embeddable":true,"href":"https:\/\/zjarr.tv\/sq\/wp-json\/wp\/v2\/comments?post=83642"}],"version-history":[{"count":0,"href":"https:\/\/zjarr.tv\/sq\/wp-json\/wp\/v2\/posts\/83642\/revisions"}],"wp:featuredmedia":[{"embeddable":true,"href":"https:\/\/zjarr.tv\/sq\/wp-json\/wp\/v2\/media\/83639"}],"wp:attachment":[{"href":"https:\/\/zjarr.tv\/sq\/wp-json\/wp\/v2\/media?parent=83642"}],"wp:term":[{"taxonomy":"category","embeddable":true,"href":"https:\/\/zjarr.tv\/sq\/wp-json\/wp\/v2\/categories?post=83642"},{"taxonomy":"post_tag","embeddable":true,"href":"https:\/\/zjarr.tv\/sq\/wp-json\/wp\/v2\/tags?post=83642"}],"curies":[{"name":"wp","href":"https:\/\/api.w.org\/{rel}","templated":true}]}}