{"id":83646,"date":"2019-05-12T14:28:21","date_gmt":"2019-05-12T12:28:21","guid":{"rendered":"https:\/\/zjarr.tv\/?p=83646"},"modified":"2019-05-12T14:28:21","modified_gmt":"2019-05-12T12:28:21","slug":"protesta-spitali-i-traumes-jane-paraqitur-19-paciente-ska-rrezik","status":"publish","type":"post","link":"https:\/\/zjarr.tv\/sq\/protesta-spitali-i-traumes-jane-paraqitur-19-paciente-ska-rrezik\/","title":{"rendered":"Protesta\/Spitali i Traum\u00ebs: Jan\u00eb paraqitur 19 pacient\u00eb, s\u2019ka rrezik"},"content":{"rendered":"<p>P\u00ebr protest\u00ebn e opozit\u00ebs s\u00eb bashkuar ka reaguar edhe spitali Ushtarak. P\u00ebrmes nj\u00eb deklarate t\u00eb shp\u00ebrndar\u00eb p\u00ebr mediat, ky institucion shprehet se 19 qytetar\u00eb kan\u00eb k\u00ebrkuar ndihm\u00eb mjek\u00ebsore.<\/p>\n<p>Sipas tyre, nga 19 n\u00eb total, 14 ishin\u00a0 punonj\u00ebs policie, kat\u00ebr protestues dhe nj\u00eb operator.<\/p>\n<p>Gjithashtu spitali shprehet se gjendja sh\u00ebndet\u00ebsore e tyre \u00ebsht\u00eb e q\u00ebndrueshme dhe nuk kan\u00eb asnj\u00eb rrezik p\u00ebr jet\u00ebn. Nd\u00ebrkoh\u00eb, n\u00eb deklarat\u00eb flitet edhe sekretarit organizativ t\u00eb PD-s\u00eb, Sahit Dollapit, i cili u dhuna gjat\u00eb protest\u00ebs tek ambientet e Kuvendit.<\/p>\n<p><strong>Deklarat\u00eb e Plot\u00eb<\/strong><\/p>\n<p>Gjat\u00eb zhvillimit t\u00eb protest\u00ebs n\u00eb dat\u00eb 11\/05\/2019 n\u00eb urgjenc\u00ebn e Spitalit Universitar t\u00eb Traum\u00ebs u paraqit\u00ebn 19 pacient\u00eb t\u00eb traumatizuar n\u00eb zona t\u00eb ndryshme t\u00eb trupit, p\u00ebr shkak t\u00eb p\u00ebrdorimit t\u00eb mjeteve piroteknike dhe bombave molotov. Prej tyre 14 jan\u00eb efektiv\u00eb policie, 4 protestues 1 operator. Pacient\u00ebve iu kan\u00eb kryer ekzaminimet e nevojshme diagnostikuese dhe kan\u00eb marr\u00eb mjekime p\u00ebrkat\u00ebse. N\u00eb spital vazhdon t\u00eb jet\u00eb n\u00ebn observim mjek\u00ebsor pacienti S.D i mosh\u00ebs 56 vje\u00e7 i cili mb\u00ebrriti n\u00eb or\u00ebn 00:30 t\u00eb dit\u00ebs t\u00eb m\u00ebngjesit t\u00eb dat\u00ebs 12\/05\/2019 i shoq\u00ebruar nga ekipi i urgjenc\u00ebs paraspitalore pasi ankonte dhimbje t\u00eb gjymtyr\u00ebve. N\u00eb urgjenc\u00ebn e S.UT. u krye protokolli i plot\u00eb mjek\u00ebsor. Gjendja e p\u00ebrgjithshme sh\u00ebndet\u00ebsore rezultoi e mir\u00eb dhe jasht\u00eb rrezikut p\u00ebr jet\u00ebn. Aktualisht pacienti po q\u00ebndron n\u00ebn p\u00ebrkujdesin e mjek\u00ebve.<\/p>\n<p>&nbsp;<\/p>\n","protected":false},"excerpt":{"rendered":"<p>P\u00ebr protest\u00ebn e opozit\u00ebs s\u00eb bashkuar ka reaguar edhe spitali Ushtarak. P\u00ebrmes nj\u00eb deklarate t\u00eb shp\u00ebrndar\u00eb p\u00ebr mediat, ky institucion shprehet se 19 qytetar\u00eb kan\u00eb k\u00ebrkuar ndihm\u00eb mjek\u00ebsore. Sipas tyre, nga 19 n\u00eb total, 14 ishin\u00a0 punonj\u00ebs policie, kat\u00ebr protestues dhe nj\u00eb operator. Gjithashtu spitali shprehet se gjendja sh\u00ebndet\u00ebsore e tyre \u00ebsht\u00eb e q\u00ebndrueshme dhe [&hellip;]<\/p>\n","protected":false},"author":2013,"featured_media":83585,"comment_status":"open","ping_status":"closed","sticky":false,"template":"","format":"standard","meta":{"footnotes":""},"categories":[241,235],"tags":[],"class_list":{"0":"post-83646","1":"post","2":"type-post","3":"status-publish","4":"format-standard","5":"has-post-thumbnail","7":"category-aktualitet","8":"category-vendi"},"_links":{"self":[{"href":"https:\/\/zjarr.tv\/sq\/wp-json\/wp\/v2\/posts\/83646","targetHints":{"allow":["GET"]}}],"collection":[{"href":"https:\/\/zjarr.tv\/sq\/wp-json\/wp\/v2\/posts"}],"about":[{"href":"https:\/\/zjarr.tv\/sq\/wp-json\/wp\/v2\/types\/post"}],"author":[{"embeddable":true,"href":"https:\/\/zjarr.tv\/sq\/wp-json\/wp\/v2\/users\/2013"}],"replies":[{"embeddable":true,"href":"https:\/\/zjarr.tv\/sq\/wp-json\/wp\/v2\/comments?post=83646"}],"version-history":[{"count":0,"href":"https:\/\/zjarr.tv\/sq\/wp-json\/wp\/v2\/posts\/83646\/revisions"}],"wp:featuredmedia":[{"embeddable":true,"href":"https:\/\/zjarr.tv\/sq\/wp-json\/wp\/v2\/media\/83585"}],"wp:attachment":[{"href":"https:\/\/zjarr.tv\/sq\/wp-json\/wp\/v2\/media?parent=83646"}],"wp:term":[{"taxonomy":"category","embeddable":true,"href":"https:\/\/zjarr.tv\/sq\/wp-json\/wp\/v2\/categories?post=83646"},{"taxonomy":"post_tag","embeddable":true,"href":"https:\/\/zjarr.tv\/sq\/wp-json\/wp\/v2\/tags?post=83646"}],"curies":[{"name":"wp","href":"https:\/\/api.w.org\/{rel}","templated":true}]}}